{"id":107740,"date":"2023-09-11T12:39:46","date_gmt":"2023-09-11T15:39:46","guid":{"rendered":"https:\/\/www.actualidadadiario.com\/?p=107740"},"modified":"2023-09-11T12:39:46","modified_gmt":"2023-09-11T15:39:46","slug":"las-ventas-minoristas-cayeron-en-agosto","status":"publish","type":"post","link":"https:\/\/www.actualidadadiario.com\/index.php\/2023\/09\/11\/las-ventas-minoristas-cayeron-en-agosto\/","title":{"rendered":"Las ventas minoristas cayeron en agosto"},"content":{"rendered":"<p style=\"text-align: center;\"><em><strong>Seis de los siete rubros relevados mostraron bajas anuales en sus ventas. El sector m\u00e1s afectado fue el de Alimentos y Bebidas, que se contrajo un 6,6 por ciento<\/strong><\/em><\/p>\n<p>&nbsp;<\/p>\n<p>&nbsp;<\/p>\n<p>Las ventas en los comercios minoristas pymes registraron en agosto un descenso de 4,1 por ciento en t\u00e9rminos interanuales, seg\u00fan un relevamiento realizado por la Confederaci\u00f3n Argentina de la Mediana Empresa (CAME). Respecto a julio pasado, agosto reflej\u00f3 una merma en las ventas minoristas de 2,6 por ciento, mientras que el acumulado de los ocho primeros meses del muestran una ca\u00edda de 2,6 por ciento frente a igual periodo de 2022.<\/p>\n<p>\u201cEl mes de agosto present\u00f3 desaf\u00edos significativos para el sector comercial, que tuvo que adaptarse a una din\u00e1mica de precios afectada por impactos generados inicialmente en el mercado paralelo del d\u00f3lar y posteriormente con la devaluaci\u00f3n de la moneda oficial a mediados de mes&#8221;, se\u00f1al\u00f3 CAME.<\/p>\n<p>Seis de los siete rubros relevados por CAME mostraron bajas en sus ventas durante agosto. El sector m\u00e1s afectado fue el de Alimentos y Bebidas, que registr\u00f3 una contracci\u00f3n de 6,6 por ciento en las ventas en comparaci\u00f3n con el a\u00f1o anterior, ca\u00edda que se produjo como resultado de la generalizada suba de precios que impact\u00f3 en este rubro.<\/p>\n<p>Luego sigue Ferreter\u00eda, materiales el\u00e9ctricos y materiales de la construcci\u00f3n con un retroceso de 5,5 por ciento y una ca\u00edda acumulada de 0,9 por ciento en ocho meses. \u201cEl p\u00fablico compr\u00f3 lo necesario, m\u00e1s como recambio por necesidad que por decisi\u00f3n de implementar mejoras. Hubo m\u00e1s faltantes que lo habitual, pero tampoco incidi\u00f3 tanto porque la demanda fue escasa\u201d, remarc\u00f3 CAME.<\/p>\n<p>Las ventas de Bazar, decoraci\u00f3n y textiles cayeron 3,5 por ciento anual en agosto, a precios constantes, y acumulan una baja de 2 por ciento en los primeros ocho meses del a\u00f1o frente al mismo per\u00edodo de 2022. En la comparaci\u00f3n intermensual se retrajeron 1,6 por ciento. La p\u00e9rdida de poder adquisitivo frente a la inflaci\u00f3n se hizo m\u00e1s notoria este mes. Hubo poca gente en los comercios. Igualmente, los resultados fueron muy variados entre un comercio y otro. Los m\u00e1s afectados fueron los orientados a textiles para el hogar y casas de decoraci\u00f3n.<\/p>\n<p>Las ventas en farmacias retrocedieron 2,6 por ciento anual en agosto y acumulan un crecimiento de 5,2 por ciento en los primeros ocho meses del a\u00f1o frente al mismo per\u00edodo de 2022. En la comparaci\u00f3n intermensual se retrajeron 4,3 por ciento. El otro rubro que retrocedi\u00f3 fue Perfumer\u00eda que baj\u00f3 2,1 por ciento interanual en agosto y acumula una ca\u00edda de 1 por ciento.<\/p>\n<p>Por \u00faltimo, queda el rubro de Calzado y marroquiner\u00eda que trep\u00f3 0,8 por ciento y se mantiene sin cambios en el acumulado anual. \u201cHubo pocas entregas de mercader\u00eda por parte de los proveedores y los comercios salieron a liquidar productos anticipadamente para hacerse de liquidez. Eso permiti\u00f3 que el rubro finalice con un leve incremento anual. La venta se orient\u00f3 casi exclusivamente a productos nacionales por los inconvenientes para conseguir calzado importado\u201d, remarc\u00f3 CAME.<\/p>\n","protected":false},"excerpt":{"rendered":"<p>Seis de los siete rubros relevados mostraron bajas anuales en sus ventas. El sector m\u00e1s afectado fue el de Alimentos y Bebidas, que se contrajo un 6,6 por ciento &nbsp; &nbsp; Las ventas en los comercios minoristas pymes registraron en agosto un descenso de 4,1 por ciento en t\u00e9rminos interanuales, seg\u00fan un relevamiento realizado por la Confederaci\u00f3n Argentina de la Mediana Empresa (CAME). Respecto a julio pasado, agosto reflej\u00f3 una merma en las ventas minoristas de 2,6 por ciento, mientras que el acumulado de los ocho primeros meses del muestran&#8230;<\/p>\n","protected":false},"author":3,"featured_media":48327,"comment_status":"closed","ping_status":"closed","sticky":false,"template":"","format":"standard","meta":[],"categories":[2],"tags":[],"_links":{"self":[{"href":"https:\/\/www.actualidadadiario.com\/index.php\/wp-json\/wp\/v2\/posts\/107740"}],"collection":[{"href":"https:\/\/www.actualidadadiario.com\/index.php\/wp-json\/wp\/v2\/posts"}],"about":[{"href":"https:\/\/www.actualidadadiario.com\/index.php\/wp-json\/wp\/v2\/types\/post"}],"author":[{"embeddable":true,"href":"https:\/\/www.actualidadadiario.com\/index.php\/wp-json\/wp\/v2\/users\/3"}],"replies":[{"embeddable":true,"href":"https:\/\/www.actualidadadiario.com\/index.php\/wp-json\/wp\/v2\/comments?post=107740"}],"version-history":[{"count":1,"href":"https:\/\/www.actualidadadiario.com\/index.php\/wp-json\/wp\/v2\/posts\/107740\/revisions"}],"predecessor-version":[{"id":107741,"href":"https:\/\/www.actualidadadiario.com\/index.php\/wp-json\/wp\/v2\/posts\/107740\/revisions\/107741"}],"wp:featuredmedia":[{"embeddable":true,"href":"https:\/\/www.actualidadadiario.com\/index.php\/wp-json\/wp\/v2\/media\/48327"}],"wp:attachment":[{"href":"https:\/\/www.actualidadadiario.com\/index.php\/wp-json\/wp\/v2\/media?parent=107740"}],"wp:term":[{"taxonomy":"category","embeddable":true,"href":"https:\/\/www.actualidadadiario.com\/index.php\/wp-json\/wp\/v2\/categories?post=107740"},{"taxonomy":"post_tag","embeddable":true,"href":"https:\/\/www.actualidadadiario.com\/index.php\/wp-json\/wp\/v2\/tags?post=107740"}],"curies":[{"name":"wp","href":"https:\/\/api.w.org\/{rel}","templated":true}]}}