{"id":107732,"date":"2023-09-11T11:39:29","date_gmt":"2023-09-11T14:39:29","guid":{"rendered":"https:\/\/www.actualidadadiario.com\/?p=107732"},"modified":"2023-09-11T11:39:29","modified_gmt":"2023-09-11T14:39:29","slug":"reconocimiento-a-maestros-en-su-dia","status":"publish","type":"post","link":"https:\/\/www.actualidadadiario.com\/index.php\/2023\/09\/11\/reconocimiento-a-maestros-en-su-dia\/","title":{"rendered":"Reconocimiento a maestros en su d\u00eda"},"content":{"rendered":"<p style=\"text-align: center;\"><em><strong>En el D\u00eda del Maestro, reconocieron a 17 docentes, uno por departamento, por su labor y trayectoria en la educaci\u00f3n entrerriana con el premio provincial Maestro Manuel Antequeda. El reconocimiento cont\u00f3 con la presencia del gobernador Gustavo Bordet, los ministros nacionales, Jaime Perczyk y Gabriel Katopodis, y el intendente de Paran\u00e1, Ad\u00e1n Bahl<\/strong><\/em><\/p>\n<p>&nbsp;<\/p>\n<p>&nbsp;<\/p>\n<p>Al respecto, Bordet -quien por ser hijo de docentes y por haber ejercido la docencia durante 14 a\u00f1os- asegur\u00f3 que el reconocimiento significa \u201creforzar un concepto, un trabajo y acciones que propendan a mejorar la calidad educativa en Entre R\u00edos\u201d. \u201cNuestros docentes, que son 55 mil a lo largo del territorio, trabajan denodadamente para llevar la educaci\u00f3n en todos sus niveles a nuestros ni\u00f1os y j\u00f3venes en distintos lugares de la provincia\u201d, ponder\u00f3 el gobernador.<\/p>\n<p>Para el mandatario entrerriano, el homenajear a 17 docentes, uno por cada departamento, de los que fueron elegidos por sus pares, \u201cen ellos simboliza el reconocimiento a los 55 mil docentes entrerrianos\u201d.<\/p>\n<p>En la oportunidad, Bordet expuso que \u201ctrabajar para mejorar la calidad educativa significa tener un compromiso profundo con la educaci\u00f3n p\u00fablica, y trabajar articuladamente con la educaci\u00f3n privada, para que todos nuestros j\u00f3venes tengan acceso por igual a un bien que es indispensable, como lo es la educaci\u00f3n; y para lograrlo hay que realizar acciones que tengan en cuenta el mejorar la calidad edilicia de nuestras escuelas, trabajar desde muy temprano en las primeras infancias para que nuestros ni\u00f1os, a partir de los tres a\u00f1os, est\u00e9n integrados a los sistemas de educaci\u00f3n inicial, por eso inauguramos en nuestra gesti\u00f3n 30 nuevas unidades de Educaci\u00f3n Inicial y hay otras tantas en construcci\u00f3n\u201d.<\/p>\n<p>Tambi\u00e9n mencion\u00f3 la implementaci\u00f3n de la jornada extendida en las escuelas primarias, que representa 37 horas m\u00e1s de clases en el a\u00f1o, y a las que se suman a los 190 d\u00edas h\u00e1biles de clases del a\u00f1o pasado y \u2013de acuerdo a lo que prometi\u00f3- \u201cque este a\u00f1o vamos a superar\u201d.<\/p>\n<p>\u201cTener compromiso con la docencia significa lograr acuerdos salariales que le ganen a la inflaci\u00f3n, como ocurre en Entre R\u00edos; poder contar con un ciclo lectivo con normalidad, porque no hemos tenido d\u00edas de paro docente en este tiempo en la provincia\u201d, remarc\u00f3 Bordet y destac\u00f3: \u201cLas paritarias est\u00e1n abiertas y muy cerca de encontrar un punto de equilibrio que nos permita avanzar en el calendario educativo y que nuestros docentes tengan una remuneraci\u00f3n acorde\u201d.<\/p>\n<p>\u201cNuestro compromiso con la educaci\u00f3n p\u00fablica es ir a buscar a nuestros j\u00f3venes en el secundario. Seg\u00fan las \u00faltimas estad\u00edsticas, Entre R\u00edos est\u00e1 entre las provincias que m\u00e1s j\u00f3venes recuper\u00f3 para evitar la deserci\u00f3n escolar en la secundaria gracias a programas espec\u00edficos en los que trabajamos para tenderle una mano a cada alumno y que pueda completar el ciclo secundario\u201d, resalt\u00f3 el gobernador.<\/p>\n<p>En ese sentido, Bordet agradeci\u00f3 a los ministros Perczyk y Katopodis, por las obras vinculadas a infraestructura escolar, \u201cvinculadas a una concepci\u00f3n que nos une y nos identifica como un movimiento, como lo es el Partido Justicialista, que tiende a que la educaci\u00f3n sea prioritaria para nuestros alumnos; es el comprimas que asumimos y continuaremos hacia adelante con Ad\u00e1n Bahl en la pr\u00f3xima conducci\u00f3n de Entre R\u00edos\u201d.<\/p>\n<p>Perczyk, por su parte, agradeci\u00f3 a Bordet y a Bahl y luego reconoci\u00f3 a los docentes en su d\u00eda. \u201cHay 1.2 millones maestros en Argentina que todos los d\u00edas ponen su inteligencia y su compromiso para que nuestros hijos aprendan en la escuela, se formen en las t\u00e9cnicas. Son nuestros maestros los que ayudan a que el destino de los chicos no sea la cuna, sino la escuela, lo que aprendan y lo que se esfuercen\u201d, fundament\u00f3 el ministro de Naci\u00f3n.<\/p>\n<p>Y agreg\u00f3: \u201cEn un pa\u00eds en el que julio desde 1884, con su ley 1240, decidi\u00f3 que la educaci\u00f3n sea p\u00fablica, gratuita y obligatoria, porque los chicos tienen que ir a la escuela, los docentes los tenemos que educar y el Estado tiene que hacer el esfuerzo y comprometerse para que todas las horas de clases sean horas de clases, trabajar para que la presencia de estudiantes y docentes en la escuela sea cotidiana y la regla de nuestro sistema\u201d.<\/p>\n<p>Para el ministro nacional de Educaci\u00f3n, \u201chay que hacer una transformaci\u00f3n muy grande y, como primera medida de igualaci\u00f3n social, que los chicos vayan al jard\u00edn desde los tres a\u00f1os; tenemos que duplicar la cantidad de escuelas t\u00e9cnicas y los docentes debemos garantizar que los chicos aprendan por lo que nos comprometimos, que sean felices en la escuela y fortalecer los aprendizajes con la cotidianeidad que significa ir a la escuela todos los d\u00edas, todas las horas, todos los a\u00f1os\u201d.<\/p>\n<p>Bahl, en tanto, se mostr\u00f3 \u201corgulloso de nuestros maestros, que son la base de los logros alcanzados como provincia y Naci\u00f3n, porque con su trabajo y esfuerzo garantizan que miles de gurises y gurisas en cada rinc\u00f3n tengan el acceso a la educaci\u00f3n\u201d.<\/p>\n<p>\u201cEn \u00e9pocas de campa\u00f1a se escuchan muchas frases vinculadas a la educaci\u00f3n, siendo que la educaci\u00f3n se defiende con hechos concretos, con m\u00e1s infraestructura, con m\u00e1s pol\u00edtica salarial, dotando a los docentes de las herramientas para ense\u00f1ar; que es lo que el gobernador viene haciendo, con el acompa\u00f1amiento nacional, y es a lo que nos comprometemos a continuar: el trabajar para que los chicos tengan acceso a la educaci\u00f3n p\u00fablica y de calidad\u201d, manifest\u00f3 el intendente de Paran\u00e1.<\/p>\n<p>\u201cQueremos que las oportunidades que nos da el mundo se puedan aprovechar porque sin educaci\u00f3n no hay posibilidad de desarrollo\u201d, refiri\u00f3 candidato a gobernador por M\u00e1s para Entre R\u00edos. \u201cEs un d\u00eda para agasajar y reconocer a los docentes, adem\u00e1s de comprometernos a seguir trabajando en ese sentido\u201d, cerr\u00f3 Bahl.<\/p>\n","protected":false},"excerpt":{"rendered":"<p>En el D\u00eda del Maestro, reconocieron a 17 docentes, uno por departamento, por su labor y trayectoria en la educaci\u00f3n entrerriana con el premio provincial Maestro Manuel Antequeda. El reconocimiento cont\u00f3 con la presencia del gobernador Gustavo Bordet, los ministros nacionales, Jaime Perczyk y Gabriel Katopodis, y el intendente de Paran\u00e1, Ad\u00e1n Bahl &nbsp; &nbsp; Al respecto, Bordet -quien por ser hijo de docentes y por haber ejercido la docencia durante 14 a\u00f1os- asegur\u00f3 que el reconocimiento significa \u201creforzar un concepto, un trabajo y acciones que propendan a mejorar la&#8230;<\/p>\n","protected":false},"author":3,"featured_media":107733,"comment_status":"closed","ping_status":"closed","sticky":false,"template":"","format":"standard","meta":[],"categories":[15],"tags":[],"_links":{"self":[{"href":"https:\/\/www.actualidadadiario.com\/index.php\/wp-json\/wp\/v2\/posts\/107732"}],"collection":[{"href":"https:\/\/www.actualidadadiario.com\/index.php\/wp-json\/wp\/v2\/posts"}],"about":[{"href":"https:\/\/www.actualidadadiario.com\/index.php\/wp-json\/wp\/v2\/types\/post"}],"author":[{"embeddable":true,"href":"https:\/\/www.actualidadadiario.com\/index.php\/wp-json\/wp\/v2\/users\/3"}],"replies":[{"embeddable":true,"href":"https:\/\/www.actualidadadiario.com\/index.php\/wp-json\/wp\/v2\/comments?post=107732"}],"version-history":[{"count":1,"href":"https:\/\/www.actualidadadiario.com\/index.php\/wp-json\/wp\/v2\/posts\/107732\/revisions"}],"predecessor-version":[{"id":107734,"href":"https:\/\/www.actualidadadiario.com\/index.php\/wp-json\/wp\/v2\/posts\/107732\/revisions\/107734"}],"wp:featuredmedia":[{"embeddable":true,"href":"https:\/\/www.actualidadadiario.com\/index.php\/wp-json\/wp\/v2\/media\/107733"}],"wp:attachment":[{"href":"https:\/\/www.actualidadadiario.com\/index.php\/wp-json\/wp\/v2\/media?parent=107732"}],"wp:term":[{"taxonomy":"category","embeddable":true,"href":"https:\/\/www.actualidadadiario.com\/index.php\/wp-json\/wp\/v2\/categories?post=107732"},{"taxonomy":"post_tag","embeddable":true,"href":"https:\/\/www.actualidadadiario.com\/index.php\/wp-json\/wp\/v2\/tags?post=107732"}],"curies":[{"name":"wp","href":"https:\/\/api.w.org\/{rel}","templated":true}]}}