{"id":107728,"date":"2023-09-11T11:37:38","date_gmt":"2023-09-11T14:37:38","guid":{"rendered":"https:\/\/www.actualidadadiario.com\/?p=107728"},"modified":"2023-09-11T11:37:38","modified_gmt":"2023-09-11T14:37:38","slug":"la-temporada-citricola-2023-cerrara-con-una-exportacion-que-se-redujo-a-la-mitad","status":"publish","type":"post","link":"https:\/\/www.actualidadadiario.com\/index.php\/2023\/09\/11\/la-temporada-citricola-2023-cerrara-con-una-exportacion-que-se-redujo-a-la-mitad\/","title":{"rendered":"La temporada citr\u00edcola 2023 cerrar\u00e1 con una exportaci\u00f3n que se redujo a la mitad"},"content":{"rendered":"<p style=\"text-align: center;\"><em><strong>El gerente de la C\u00e1mara de Exportadores de Citrus del NEA, Roberto Varela, anticip\u00f3 que \u201cel ciclo 2023 est\u00e1 muy pr\u00f3ximo a terminar\u201d y, actualmente, \u201cestamos en el 50% de lo exportado el a\u00f1o pasado\u201d<\/strong><\/em><\/p>\n<p>&nbsp;<\/p>\n<p>&nbsp;<\/p>\n<p>Seg\u00fan detall\u00f3, la baja en la cantidad de fruta fresca enviada a los mercados internacionales \u201cha sido sumamente significativa\u201d. En ese marco, Roberto Varela se\u00f1al\u00f3 que \u00absi bien habr\u00eda cuestiones para conversar respecto al porqu\u00e9 de todo esto\u201d, los ejes principales pasan por \u201cla situaci\u00f3n general del pa\u00eds, nuestros costos, las relaciones internas\u201d, sumando a ello, lo que calific\u00f3 como \u201cnuestro alejamiento como pa\u00eds de los mercados en general, en todo lo que hace a la importaci\u00f3n y exportaci\u00f3n\u201d.<\/p>\n<p>Sobre esto \u00faltimo, mencion\u00f3 que este distanciamiento \u201cha hecho que las variedades (de citrus) con las que nosotros contamos ya no sean apetecibles en el mercado exterior\u201d, por lo que advirti\u00f3 que \u201cresulta perentorio realizar alg\u00fan cambio varietal para la exportaci\u00f3n, para as\u00ed recuperar esos mercados\u201d.<\/p>\n<p>Igualmente advirti\u00f3 que, a pesar de encaminar un cambio de recambio de variedades, consider\u00f3 que eso \u201cllevar\u00e1 su tiempo y, ante la velocidad de los cambios que se est\u00e1n dando en los mercados, hay que ser muy cuidadosos\u201d, en el sentido de que \u201ctampoco podemos salir corriendo detr\u00e1s de una variedad que hoy sea exitosa\u201d, porque \u201ccuando nosotros la tengamos desarrollada\u201d, podr\u00eda \u201cya no ser apetecible para el mercado\u201d.<\/p>\n<p>Por todo eso, evalu\u00f3 que \u201cno estamos en la mejor situaci\u00f3n econ\u00f3mica y de varietal para ser competitivos en el mercado internacional\u201d.<\/p>\n<p>&nbsp;<\/p>\n<p><strong>Sequ\u00eda<\/strong><\/p>\n<p>En ese escenario poco auspicioso tambi\u00e9n se refiri\u00f3 a la etapa de sequ\u00eda que afect\u00f3 -durante tres temporadas- a todas las producciones primarias y el citrus no fue la excepci\u00f3n, \u201calgo que ya es independiente del mercado al que vaya la fruta\u201d.<\/p>\n<p>En ese escenario de escasas precipitaciones, \u201ctodos aquellos que cuentan con riego en sus quintas, son una buena parte de los productores que hoy exportan\u201d, ya que en su momento \u201chan comprendido la necesidad de estabilizar ese punto de vista de la producci\u00f3n\u201d, pero \u201cel resto, aquellos que no cuentan con riego, han visto mermada la producci\u00f3n en cantidad, en calidad y, sobre todo, en tama\u00f1o de la fruta\u201d, mencion\u00f3.<\/p>\n<p>Seg\u00fan sus palabras, esta sequ\u00eda \u201cha sido muy prolongada y muy dura, durante 3 a\u00f1os\u201d. En base a esto, remarc\u00f3 que \u201ccon este tipo de cosas que tienen una duraci\u00f3n en el tiempo, no solamente estamos viendo sus consecuencias ahora, sino que todav\u00eda las veremos por una cosecha m\u00e1s\u201d.<\/p>\n","protected":false},"excerpt":{"rendered":"<p>El gerente de la C\u00e1mara de Exportadores de Citrus del NEA, Roberto Varela, anticip\u00f3 que \u201cel ciclo 2023 est\u00e1 muy pr\u00f3ximo a terminar\u201d y, actualmente, \u201cestamos en el 50% de lo exportado el a\u00f1o pasado\u201d &nbsp; &nbsp; Seg\u00fan detall\u00f3, la baja en la cantidad de fruta fresca enviada a los mercados internacionales \u201cha sido sumamente significativa\u201d. En ese marco, Roberto Varela se\u00f1al\u00f3 que \u00absi bien habr\u00eda cuestiones para conversar respecto al porqu\u00e9 de todo esto\u201d, los ejes principales pasan por \u201cla situaci\u00f3n general del pa\u00eds, nuestros costos, las relaciones internas\u201d,&#8230;<\/p>\n","protected":false},"author":3,"featured_media":83303,"comment_status":"closed","ping_status":"closed","sticky":false,"template":"","format":"standard","meta":[],"categories":[15],"tags":[],"_links":{"self":[{"href":"https:\/\/www.actualidadadiario.com\/index.php\/wp-json\/wp\/v2\/posts\/107728"}],"collection":[{"href":"https:\/\/www.actualidadadiario.com\/index.php\/wp-json\/wp\/v2\/posts"}],"about":[{"href":"https:\/\/www.actualidadadiario.com\/index.php\/wp-json\/wp\/v2\/types\/post"}],"author":[{"embeddable":true,"href":"https:\/\/www.actualidadadiario.com\/index.php\/wp-json\/wp\/v2\/users\/3"}],"replies":[{"embeddable":true,"href":"https:\/\/www.actualidadadiario.com\/index.php\/wp-json\/wp\/v2\/comments?post=107728"}],"version-history":[{"count":1,"href":"https:\/\/www.actualidadadiario.com\/index.php\/wp-json\/wp\/v2\/posts\/107728\/revisions"}],"predecessor-version":[{"id":107729,"href":"https:\/\/www.actualidadadiario.com\/index.php\/wp-json\/wp\/v2\/posts\/107728\/revisions\/107729"}],"wp:featuredmedia":[{"embeddable":true,"href":"https:\/\/www.actualidadadiario.com\/index.php\/wp-json\/wp\/v2\/media\/83303"}],"wp:attachment":[{"href":"https:\/\/www.actualidadadiario.com\/index.php\/wp-json\/wp\/v2\/media?parent=107728"}],"wp:term":[{"taxonomy":"category","embeddable":true,"href":"https:\/\/www.actualidadadiario.com\/index.php\/wp-json\/wp\/v2\/categories?post=107728"},{"taxonomy":"post_tag","embeddable":true,"href":"https:\/\/www.actualidadadiario.com\/index.php\/wp-json\/wp\/v2\/tags?post=107728"}],"curies":[{"name":"wp","href":"https:\/\/api.w.org\/{rel}","templated":true}]}}