{"id":107725,"date":"2023-09-11T11:36:51","date_gmt":"2023-09-11T14:36:51","guid":{"rendered":"https:\/\/www.actualidadadiario.com\/?p=107725"},"modified":"2023-09-11T11:36:51","modified_gmt":"2023-09-11T14:36:51","slug":"separaron-a-tres-profesores-tras-una-denuncia-por-abuso-sexual-en-una-escuela-de-feliciano","status":"publish","type":"post","link":"https:\/\/www.actualidadadiario.com\/index.php\/2023\/09\/11\/separaron-a-tres-profesores-tras-una-denuncia-por-abuso-sexual-en-una-escuela-de-feliciano\/","title":{"rendered":"Separaron a tres profesores tras una denuncia por abuso sexual en una escuela de Feliciano"},"content":{"rendered":"<p style=\"text-align: center;\"><em><strong>El Consejo General de Educaci\u00f3n (CGE) dispuso la separaci\u00f3n de tres profesores de taller de la Escuela de Educaci\u00f3n T\u00e9cnica N\u00ba 1 Juan Domingo Per\u00f3n, de San Jos\u00e9 de Feliciano, en medio de la investigaci\u00f3n abierta a ra\u00edz de la denuncia por abuso que plante\u00f3 un estudiante<\/strong><\/em><\/p>\n<p>&nbsp;<\/p>\n<p>&nbsp;<\/p>\n<p>El hecho habr\u00eda ocurrido en el patio del establecimiento educativo y se responsabiliza de la agresi\u00f3n a compa\u00f1eros del alumno.<\/p>\n<p>A los docentes se les reproch\u00f3 no haber ejercido su responsabilidad de cuidado sobre los estudiantes y por eso fueron reubicados en distintos establecimientos, sin estar frente a alumno, y de momento sin ninguna actividad.<\/p>\n<p>Durante una reuni\u00f3n que se desarroll\u00f3 el 31 de julio en la Escuela T\u00e9cnica N\u00ba 1, el rector Silvio Ruiz detall\u00f3 los hechos que habr\u00edan ocurrido el 24 de julio, aproximadamente a las 15, cuando \u201chubo un supuesto caso de abuso sexual en la instituci\u00f3n escolar y se vieron involucrados alumnos de segundo a\u00f1o, los que deb\u00edan estar en clases de taller, ya que todos los profesores estaban presentes ese d\u00eda, pero no en el espacio que corresponde a su respectivo taller\u201d.<\/p>\n<p>En esa convocatoria, la supervisora de nivel secundario Carolina Cherullo puso el acento en el hecho de que \u201ces responsabilidad de los profesores en su horario de clases todo lo que sucede con los alumnos, ellos est\u00e1n bajo su cuidado, en caso de que los alumnos necesiten salir para ir al ba\u00f1o, se sugiere que vayan acompa\u00f1ados, no se les debe prohibir el permiso ya que existen situaciones que nosotros podemos detectar que realmente se requiere salir del aula, por lo que se dar\u00e1 aviso al preceptor para que controle a los mismos\u201d.<\/p>\n<p>El acta que rubricaron las autoridades escolares se\u00f1ala: \u201cLos profesores manifiestan que, dada la cantidad de estudiantes, muchas veces se escapan de los talleres C y A en Madera y Metales, que algunas veces tienen que poner candado a la puerta para que no salgan sin autorizaci\u00f3n\u201d.<\/p>\n<p>\u201cSe debe tener en claro que debemos posicionarnos en el lugar que nos corresponde -dijo la supervisora-, cumplir nuestro rol como profesionales de la educaci\u00f3n, marcar l\u00edmites y mantener un orden para lograr tener un mayor control sobre el grupo de estudiantes\u201d.<\/p>\n<p>El 22 de agosto, Marisa Leites, directora de Escuelas de Feliciano, dict\u00f3 la disposici\u00f3n N\u00ba 73 que detalla que \u201cobran actas firmadas por los integrantes del Establecimiento educativo e intervenci\u00f3n del Equipo Supervisor en las que se relata la existencia de presunto caso de abuso sexual en la instituci\u00f3n escolar\u201d.<\/p>\n<p>Y que la Direcci\u00f3n de Asuntos Jur\u00eddicos del Consejo General de Educaci\u00f3n (CGE) \u201caconseja en forma urgente proceder a la separaci\u00f3n del cargo a los docentes involucrados y que dejaron ante su proceder err\u00e1tico por incumplimiento de los horarios correspondientes que sucedieran los hechos que dieron lugar al supuesto abuso sexual\u201d.<\/p>\n<p>As\u00ed, la directora departamental de Escuelas de Feliciano decidi\u00f3 reubicar \u201cprovisoriamente\u201d a los tres profesores de taller sindicados de un actuar \u201cerr\u00e1tico\u201d en el cuidado de los alumnos \u201cen el turno y horario que fije el Director Departamental de Escuelas\u201d, que no es director sino directora y que termina firmando, justamente, Marisa Leites, directora departamental de Escuelas de Feliciano.<\/p>\n<p>&nbsp;<\/p>\n<p><strong>El descargo de uno de los docentes<\/strong><\/p>\n<p>&nbsp;<\/p>\n<p>Al ejercer su descargo, uno de los docentes plante\u00f3 que a esa reuni\u00f3n del 31 de julio se los cit\u00f3 a reuni\u00f3n en la escuela sin darles demasiada informaci\u00f3n: que hubo un supuesto caso de abuso sexual y que en el hecho estaban involucrados alumnos de los tres talleres de segundo a\u00f1o. \u201cNo se nos dio ninguna otra explicaci\u00f3n, no se nos dijo qui\u00e9nes eran los alumnos involucrados, ni tampoco el lugar donde habr\u00edan ocurrido estos hechos, ni qui\u00e9n era la supuesta v\u00edctima\u201d, dice el descargo.<\/p>\n<p>Tambi\u00e9n plante\u00f3 que la resoluci\u00f3n de separaci\u00f3n del cargo se adopt\u00f3 sin darle derecho a ejercer su defensa y sin permitirle \u201cconocer concretamente qu\u00e9 es lo que incumpl\u00ed, ni alguna forma de dar explicaci\u00f3n\u201d.<\/p>\n<p>La orden desde el CGE a la Direcci\u00f3n Departamental de Escuelas de Feliciano la firm\u00f3 el abogado Marcelo Correa Ocampo, \u201cel cual sin fundamentos ni razones, en cuatro renglones, sin previa investigaci\u00f3n de los hechos- hasta donde tiene conocimientos esta parte- aconseja la separaci\u00f3n del cargo del suscrito, acus\u00e1ndome de un `proceder err\u00e1tico por incumplimiento de horarios correspondientes`\u201d.<\/p>\n<p>Los tres docentes afectados por la medida acudieron por la misma v\u00eda y con similares argumentos. \u201cQue conforme a mi horario las tareas se desarrollan frente al curso de 13:15 horas a 17:30 horas, con dos cortes que corresponden a los recreos, el primero de 14:35 a 14:40 y el segundo 16:00 a 16:10, que respecto del primer recreo, el que es pr\u00f3ximo a los hechos denunciados, el suscrito no se retira del aula taller debido a que solo son 5 minutos, durante los cuales, \u00e9l aprovech\u00f3 para desenchufar m\u00e1quinas, acomodar el taller y elementos de trabajo que los estudiantes pudieren dejar olvidados o descuidados en su af\u00e1n por salir al recreo, etc\u201d, dice uno de esos descargos, seg\u00fan publica el portal Entre R\u00edos Ahora.<\/p>\n<p>Adem\u00e1s, niega el cargo de que los tres docentes fueron a una sala de profesores y que dejaron a los alumnos librados a su suerte en raz\u00f3n de que \u201cla instituci\u00f3n no cuenta con sala de profesores donde podamos recurrir durante los cortes o cambios de hora\u201d. En ese marco, asever\u00f3, \u201cno resulta cierto y que tambi\u00e9n resulta improbable que el suscrito no haya cumplido con sus horarios y que por eso haya acontecido el supuesto abuso, es decir, el d\u00eda de los hechos denunciados el suscrito se encontraba dentro del taller, siendo adem\u00e1s responsabilidad de la preceptor\u00eda el cuidado y vigilancia de las instalaciones durante los recreos y los cambios de horas\u201d.<\/p>\n<p>Los tres docentes afectados iniciar\u00e1n acciones legales contra el Consejo de Educaci\u00f3n.<\/p>\n<p>Al final de su descargo, el docente plante\u00f3 que \u201cel taller donde el suscrito da sus clases\u201d es un espacio \u201cmuy amplio y de alto riesgo, es decir requiere la presencia continua y atenta del profesor, ya que se trabaja con herramientas y m\u00e1quinas de m\u00e1ximo riesgo, de no estar supervisando, pueden provocarse accidentes o da\u00f1os de gran magnitud en los alumnos, y por ello el suscrito no debe ausentarse de su espacio-taller garantizando solamente as\u00ed es resguardo f\u00edsico de los educandos\u201d.<\/p>\n<p>Pero adem\u00e1s, \u201cen el horario que se indica c\u00f3mo hora aproximada en que ocurrieron los hechos, se encontraban presentes las autoridades de la escuela y el preceptor, docentes que tienen responsabilidades espec\u00edficas y acordes al rol que desempe\u00f1an\u201d.<\/p>\n","protected":false},"excerpt":{"rendered":"<p>El Consejo General de Educaci\u00f3n (CGE) dispuso la separaci\u00f3n de tres profesores de taller de la Escuela de Educaci\u00f3n T\u00e9cnica N\u00ba 1 Juan Domingo Per\u00f3n, de San Jos\u00e9 de Feliciano, en medio de la investigaci\u00f3n abierta a ra\u00edz de la denuncia por abuso que plante\u00f3 un estudiante &nbsp; &nbsp; El hecho habr\u00eda ocurrido en el patio del establecimiento educativo y se responsabiliza de la agresi\u00f3n a compa\u00f1eros del alumno. A los docentes se les reproch\u00f3 no haber ejercido su responsabilidad de cuidado sobre los estudiantes y por eso fueron reubicados&#8230;<\/p>\n","protected":false},"author":3,"featured_media":107726,"comment_status":"closed","ping_status":"closed","sticky":false,"template":"","format":"standard","meta":[],"categories":[15],"tags":[],"_links":{"self":[{"href":"https:\/\/www.actualidadadiario.com\/index.php\/wp-json\/wp\/v2\/posts\/107725"}],"collection":[{"href":"https:\/\/www.actualidadadiario.com\/index.php\/wp-json\/wp\/v2\/posts"}],"about":[{"href":"https:\/\/www.actualidadadiario.com\/index.php\/wp-json\/wp\/v2\/types\/post"}],"author":[{"embeddable":true,"href":"https:\/\/www.actualidadadiario.com\/index.php\/wp-json\/wp\/v2\/users\/3"}],"replies":[{"embeddable":true,"href":"https:\/\/www.actualidadadiario.com\/index.php\/wp-json\/wp\/v2\/comments?post=107725"}],"version-history":[{"count":1,"href":"https:\/\/www.actualidadadiario.com\/index.php\/wp-json\/wp\/v2\/posts\/107725\/revisions"}],"predecessor-version":[{"id":107727,"href":"https:\/\/www.actualidadadiario.com\/index.php\/wp-json\/wp\/v2\/posts\/107725\/revisions\/107727"}],"wp:featuredmedia":[{"embeddable":true,"href":"https:\/\/www.actualidadadiario.com\/index.php\/wp-json\/wp\/v2\/media\/107726"}],"wp:attachment":[{"href":"https:\/\/www.actualidadadiario.com\/index.php\/wp-json\/wp\/v2\/media?parent=107725"}],"wp:term":[{"taxonomy":"category","embeddable":true,"href":"https:\/\/www.actualidadadiario.com\/index.php\/wp-json\/wp\/v2\/categories?post=107725"},{"taxonomy":"post_tag","embeddable":true,"href":"https:\/\/www.actualidadadiario.com\/index.php\/wp-json\/wp\/v2\/tags?post=107725"}],"curies":[{"name":"wp","href":"https:\/\/api.w.org\/{rel}","templated":true}]}}