{"id":107723,"date":"2023-09-11T11:35:59","date_gmt":"2023-09-11T14:35:59","guid":{"rendered":"https:\/\/www.actualidadadiario.com\/?p=107723"},"modified":"2023-09-11T11:35:59","modified_gmt":"2023-09-11T14:35:59","slug":"ante-el-aumento-de-casos-de-coronavirus-el-hospital-masvernat-de-concordia-vuelve-a-exigir-el-uso-de-barbijo","status":"publish","type":"post","link":"https:\/\/www.actualidadadiario.com\/index.php\/2023\/09\/11\/ante-el-aumento-de-casos-de-coronavirus-el-hospital-masvernat-de-concordia-vuelve-a-exigir-el-uso-de-barbijo\/","title":{"rendered":"Ante el aumento de casos de coronavirus, el Hospital Masvernat de Concordia vuelve a exigir el uso de barbijo"},"content":{"rendered":"<p style=\"text-align: center;\"><em><strong>El Hospital Masvernat de Concordia emiti\u00f3 un comunicado donde, entre otras medidas, remarca la necesidad de volver al \u201cuso obligatorio del barbijo quir\u00fargico\u201d<\/strong><\/em><\/p>\n<p>&nbsp;<\/p>\n<p>&nbsp;<\/p>\n<p>El texto fue elaborado por el Comit\u00e9 de Control y Prevenci\u00f3n de Infecciones y argumenta que \u201cante la nueva situaci\u00f3n epidemiol\u00f3gica, en relaci\u00f3n a casos confirmados de COVID en nuestra ciudad, desde el hospital Delicia Concepci\u00f3n Masvernat se instrumentar\u00e1n nuevamente una serie de medidas destinadas a prevenir enfermedades respiratorias como COVID y otros virus respiratorios\u201d.<\/p>\n<p>De all\u00ed que se indique \u201cel uso obligatorio de barbijo quir\u00fargico en todo acompa\u00f1ante de paciente, independientemente del \u00e1rea donde est\u00e9 internado. Incluso se remarca al personal que se debe verificar la colocaci\u00f3n y uso correcto\u201d.<\/p>\n<p>Asimismo, en \u201ctodo paciente COVID positivo, que permanece internado, deber\u00e1n implementarse las medidas de aislamiento por gota (uso de barbijo)\u201d.<\/p>\n<p>En lo que respecta estrictamente al personal del hospital, el \u201cuso obligatorio de barbijo\u201d deber\u00e1 instrumentarse para \u201ctodo contacto con paciente, independientemente del cuadro cl\u00ednico\u201d. Misma precauci\u00f3n para \u201ctodo traslado, dentro o fuera de la instituci\u00f3n y para aquellos trabajadores con s\u00edntomas sugestivos de COVID u otros virus respiratorios\u201d.<\/p>\n<p>Por \u00faltimo, remarcaron la necesidad de utilizar \u201cbarbijos N 95 o nivel superior\u201d, para aquellos procedimientos como intubaci\u00f3n o la toma de muestras respiratorias en pacientes positivos.<\/p>\n","protected":false},"excerpt":{"rendered":"<p>El Hospital Masvernat de Concordia emiti\u00f3 un comunicado donde, entre otras medidas, remarca la necesidad de volver al \u201cuso obligatorio del barbijo quir\u00fargico\u201d &nbsp; &nbsp; El texto fue elaborado por el Comit\u00e9 de Control y Prevenci\u00f3n de Infecciones y argumenta que \u201cante la nueva situaci\u00f3n epidemiol\u00f3gica, en relaci\u00f3n a casos confirmados de COVID en nuestra ciudad, desde el hospital Delicia Concepci\u00f3n Masvernat se instrumentar\u00e1n nuevamente una serie de medidas destinadas a prevenir enfermedades respiratorias como COVID y otros virus respiratorios\u201d. De all\u00ed que se indique \u201cel uso obligatorio de barbijo&#8230;<\/p>\n","protected":false},"author":3,"featured_media":67848,"comment_status":"closed","ping_status":"closed","sticky":false,"template":"","format":"standard","meta":[],"categories":[9,15],"tags":[],"_links":{"self":[{"href":"https:\/\/www.actualidadadiario.com\/index.php\/wp-json\/wp\/v2\/posts\/107723"}],"collection":[{"href":"https:\/\/www.actualidadadiario.com\/index.php\/wp-json\/wp\/v2\/posts"}],"about":[{"href":"https:\/\/www.actualidadadiario.com\/index.php\/wp-json\/wp\/v2\/types\/post"}],"author":[{"embeddable":true,"href":"https:\/\/www.actualidadadiario.com\/index.php\/wp-json\/wp\/v2\/users\/3"}],"replies":[{"embeddable":true,"href":"https:\/\/www.actualidadadiario.com\/index.php\/wp-json\/wp\/v2\/comments?post=107723"}],"version-history":[{"count":1,"href":"https:\/\/www.actualidadadiario.com\/index.php\/wp-json\/wp\/v2\/posts\/107723\/revisions"}],"predecessor-version":[{"id":107724,"href":"https:\/\/www.actualidadadiario.com\/index.php\/wp-json\/wp\/v2\/posts\/107723\/revisions\/107724"}],"wp:featuredmedia":[{"embeddable":true,"href":"https:\/\/www.actualidadadiario.com\/index.php\/wp-json\/wp\/v2\/media\/67848"}],"wp:attachment":[{"href":"https:\/\/www.actualidadadiario.com\/index.php\/wp-json\/wp\/v2\/media?parent=107723"}],"wp:term":[{"taxonomy":"category","embeddable":true,"href":"https:\/\/www.actualidadadiario.com\/index.php\/wp-json\/wp\/v2\/categories?post=107723"},{"taxonomy":"post_tag","embeddable":true,"href":"https:\/\/www.actualidadadiario.com\/index.php\/wp-json\/wp\/v2\/tags?post=107723"}],"curies":[{"name":"wp","href":"https:\/\/api.w.org\/{rel}","templated":true}]}}