{"id":107717,"date":"2023-09-08T15:24:43","date_gmt":"2023-09-08T18:24:43","guid":{"rendered":"https:\/\/www.actualidadadiario.com\/?p=107717"},"modified":"2023-09-08T15:24:43","modified_gmt":"2023-09-08T18:24:43","slug":"violencia-contra-la-mujer-es-barbarie-dice-mattarella","status":"publish","type":"post","link":"https:\/\/www.actualidadadiario.com\/index.php\/2023\/09\/08\/violencia-contra-la-mujer-es-barbarie-dice-mattarella\/","title":{"rendered":"&#8220;Violencia contra la mujer es barbarie&#8221;, dice Mattarella"},"content":{"rendered":"<p style=\"text-align: center;\"><em><strong>El presidente de Italia, Sergio Mattarella, afirm\u00f3 este viernes que la violencia contra las mujeres es una &#8220;forma inaceptable de barbarie social&#8221; y destac\u00f3 la necesidad de una prevenci\u00f3n constante y concreta para evitar que nuevas mujeres sean v\u00edctimas de acoso y violencia f\u00edsica o moral<\/strong><\/em><\/p>\n<p>&nbsp;<\/p>\n<p>&nbsp;<\/p>\n<p>&#8220;La violencia contra las mujeres ha seguido manifest\u00e1ndose en Italia en los \u00faltimos meses, con numerosos casos de homicidio y violencia.<\/p>\n<p>Esta forma inaceptable de barbarie social requiere una acci\u00f3n m\u00e1s consciente, una prevenci\u00f3n rigurosa, concreta y constante&#8221;, dijo Mattarella.<\/p>\n<p>Italia registr\u00f3 casi 80 femicidios en 2023, adem\u00e1s de casos de violaciones en grupo que tuvieron gran repercusi\u00f3n en el pa\u00eds, principalmente los ocurridos en Palermo, Sicilia, y Caivano, N\u00e1poles.<\/p>\n<p>Elly Schlein, l\u00edder del Partido Dem\u00f3crata (PD) de centroizquierda, coment\u00f3 recientemente que renov\u00f3 su llamado a la primera ministra de Italia, Giorgia Meloni para una acci\u00f3n conjunta de todas las fuerzas pol\u00edticas ante el fen\u00f3meno.<\/p>\n<p>&#8220;Hice un llamamiento a Meloni sobre la cuesti\u00f3n de la lucha contra la violencia de g\u00e9nero. Dejemos de lado la amarga dial\u00e9ctica habitual entre la mayor\u00eda y la oposici\u00f3n, intentemos trabajar juntos no solo en la represi\u00f3n, sino tambi\u00e9n en la inversi\u00f3n en educaci\u00f3n. Si no lo hacemos, Si no actuamos inmediatamente, me temo que siempre llegaremos demasiado tarde&#8221;, afirm\u00f3.<\/p>\n","protected":false},"excerpt":{"rendered":"<p>El presidente de Italia, Sergio Mattarella, afirm\u00f3 este viernes que la violencia contra las mujeres es una &#8220;forma inaceptable de barbarie social&#8221; y destac\u00f3 la necesidad de una prevenci\u00f3n constante y concreta para evitar que nuevas mujeres sean v\u00edctimas de acoso y violencia f\u00edsica o moral &nbsp; &nbsp; &#8220;La violencia contra las mujeres ha seguido manifest\u00e1ndose en Italia en los \u00faltimos meses, con numerosos casos de homicidio y violencia. Esta forma inaceptable de barbarie social requiere una acci\u00f3n m\u00e1s consciente, una prevenci\u00f3n rigurosa, concreta y constante&#8221;, dijo Mattarella. Italia registr\u00f3&#8230;<\/p>\n","protected":false},"author":3,"featured_media":107718,"comment_status":"closed","ping_status":"closed","sticky":false,"template":"","format":"standard","meta":[],"categories":[4],"tags":[],"_links":{"self":[{"href":"https:\/\/www.actualidadadiario.com\/index.php\/wp-json\/wp\/v2\/posts\/107717"}],"collection":[{"href":"https:\/\/www.actualidadadiario.com\/index.php\/wp-json\/wp\/v2\/posts"}],"about":[{"href":"https:\/\/www.actualidadadiario.com\/index.php\/wp-json\/wp\/v2\/types\/post"}],"author":[{"embeddable":true,"href":"https:\/\/www.actualidadadiario.com\/index.php\/wp-json\/wp\/v2\/users\/3"}],"replies":[{"embeddable":true,"href":"https:\/\/www.actualidadadiario.com\/index.php\/wp-json\/wp\/v2\/comments?post=107717"}],"version-history":[{"count":1,"href":"https:\/\/www.actualidadadiario.com\/index.php\/wp-json\/wp\/v2\/posts\/107717\/revisions"}],"predecessor-version":[{"id":107719,"href":"https:\/\/www.actualidadadiario.com\/index.php\/wp-json\/wp\/v2\/posts\/107717\/revisions\/107719"}],"wp:featuredmedia":[{"embeddable":true,"href":"https:\/\/www.actualidadadiario.com\/index.php\/wp-json\/wp\/v2\/media\/107718"}],"wp:attachment":[{"href":"https:\/\/www.actualidadadiario.com\/index.php\/wp-json\/wp\/v2\/media?parent=107717"}],"wp:term":[{"taxonomy":"category","embeddable":true,"href":"https:\/\/www.actualidadadiario.com\/index.php\/wp-json\/wp\/v2\/categories?post=107717"},{"taxonomy":"post_tag","embeddable":true,"href":"https:\/\/www.actualidadadiario.com\/index.php\/wp-json\/wp\/v2\/tags?post=107717"}],"curies":[{"name":"wp","href":"https:\/\/api.w.org\/{rel}","templated":true}]}}