{"id":10771,"date":"2017-04-28T09:45:33","date_gmt":"2017-04-28T12:45:33","guid":{"rendered":"http:\/\/actualidadadiario.com\/site\/?p=10771"},"modified":"2017-04-28T09:45:33","modified_gmt":"2017-04-28T12:45:33","slug":"el-presidente-de-campana-en-washington-vamos-a-ganar-las-elecciones","status":"publish","type":"post","link":"https:\/\/www.actualidadadiario.com\/index.php\/2017\/04\/28\/el-presidente-de-campana-en-washington-vamos-a-ganar-las-elecciones\/","title":{"rendered":"El Presidente, de campa\u00f1a en Washington: &#8220;Vamos a ganar las elecciones&#8221;"},"content":{"rendered":"<p><em><strong>Atento al calendario electoral, Mauricio Macri col\u00f3 la campa\u00f1a en su gira por EEUU. En una charla brindada en el Centro de Estudios Estrat\u00e9gicos e Internacionales (CSIS) en la ciudad de Washington, el Presidente anticip\u00f3 que Cambiemos va a ganar las elecciones porque en Argentina &#8220;hay una energ\u00eda distinta&#8221;<\/strong><\/em><\/p>\n<p>&nbsp;<\/p>\n<p>&nbsp;<\/p>\n<p>&nbsp;<\/p>\n<p>&nbsp;<\/p>\n<p>El mandatario consider\u00f3 que la transici\u00f3n fue &#8220;complicada&#8221; y que &#8220;no fue f\u00e1cil para muchos, sufro con ellos&#8221;. Sin embargo, Macri se mostr\u00f3 confiado de cara a octubre: &#8220;A\u00fan creo que vamos a ganar las elecciones porque la voluntad cambio es muy alta&#8221;.<\/p>\n<p>&nbsp;<\/p>\n<p>En ese contexto, Macri record\u00f3 las manifestaciones convocadas por redes sociales en apoyo a su gobierno y dijo que muestran &#8220;una energ\u00eda distinta en Argentina&#8221;. La convocatoria del encuentro, realizado a unas diez cuadras de la Casa Blanca, fue &#8220;Argentina ante un punto decisivo&#8221;.<\/p>\n<p>&nbsp;<\/p>\n<p>Sobre el encuentro que mantuvo con Donald Trump, Macri lo calific\u00f3 de &#8220;amigable&#8221; y se\u00f1al\u00f3 que &#8220;todo el equipo (de Trump) nos recibi\u00f3 y discutimos muchos aspectos dispuestos a encontrar soluciones. Hay muchas oportunidades de integraci\u00f3n, tenemos que ir por una relaci\u00f3n m\u00e1s fuerte&#8221;.<\/p>\n<p>&nbsp;<\/p>\n<p>Cuando le consultaron sobre las relaciones comerciales con Estados Unidos, el Presidente se\u00f1al\u00f3 que &#8220;estamos en distintas situaciones&#8221;. &#8220;Trump est\u00e1 en una de las econom\u00edas m\u00e1s abiertas, y nosotros en una de las m\u00e1s cerradas. Tenemos que avanzar hay una econom\u00eda m\u00e1s abierta&#8221;, a\u00f1adi\u00f3. En este sentido, mencion\u00f3 el acercamiento del Mercosur tanto a la Uni\u00f3n Europea como a la Alianza del Pac\u00edfico.<\/p>\n","protected":false},"excerpt":{"rendered":"<p>Atento al calendario electoral, Mauricio Macri col\u00f3 la campa\u00f1a en su gira por EEUU. En una charla brindada en el Centro de Estudios Estrat\u00e9gicos e Internacionales (CSIS) en la ciudad de Washington, el Presidente anticip\u00f3 que Cambiemos va a ganar las elecciones porque en Argentina &#8220;hay una energ\u00eda distinta&#8221; &nbsp; &nbsp; &nbsp; &nbsp; El mandatario consider\u00f3 que la transici\u00f3n fue &#8220;complicada&#8221; y que &#8220;no fue f\u00e1cil para muchos, sufro con ellos&#8221;. Sin embargo, Macri se mostr\u00f3 confiado de cara a octubre: &#8220;A\u00fan creo que vamos a ganar las elecciones porque&#8230;<\/p>\n","protected":false},"author":3,"featured_media":10772,"comment_status":"closed","ping_status":"closed","sticky":false,"template":"","format":"standard","meta":[],"categories":[9],"tags":[],"_links":{"self":[{"href":"https:\/\/www.actualidadadiario.com\/index.php\/wp-json\/wp\/v2\/posts\/10771"}],"collection":[{"href":"https:\/\/www.actualidadadiario.com\/index.php\/wp-json\/wp\/v2\/posts"}],"about":[{"href":"https:\/\/www.actualidadadiario.com\/index.php\/wp-json\/wp\/v2\/types\/post"}],"author":[{"embeddable":true,"href":"https:\/\/www.actualidadadiario.com\/index.php\/wp-json\/wp\/v2\/users\/3"}],"replies":[{"embeddable":true,"href":"https:\/\/www.actualidadadiario.com\/index.php\/wp-json\/wp\/v2\/comments?post=10771"}],"version-history":[{"count":1,"href":"https:\/\/www.actualidadadiario.com\/index.php\/wp-json\/wp\/v2\/posts\/10771\/revisions"}],"predecessor-version":[{"id":10773,"href":"https:\/\/www.actualidadadiario.com\/index.php\/wp-json\/wp\/v2\/posts\/10771\/revisions\/10773"}],"wp:featuredmedia":[{"embeddable":true,"href":"https:\/\/www.actualidadadiario.com\/index.php\/wp-json\/wp\/v2\/media\/10772"}],"wp:attachment":[{"href":"https:\/\/www.actualidadadiario.com\/index.php\/wp-json\/wp\/v2\/media?parent=10771"}],"wp:term":[{"taxonomy":"category","embeddable":true,"href":"https:\/\/www.actualidadadiario.com\/index.php\/wp-json\/wp\/v2\/categories?post=10771"},{"taxonomy":"post_tag","embeddable":true,"href":"https:\/\/www.actualidadadiario.com\/index.php\/wp-json\/wp\/v2\/tags?post=10771"}],"curies":[{"name":"wp","href":"https:\/\/api.w.org\/{rel}","templated":true}]}}