{"id":107698,"date":"2023-09-08T14:56:55","date_gmt":"2023-09-08T17:56:55","guid":{"rendered":"https:\/\/www.actualidadadiario.com\/?p=107698"},"modified":"2023-09-08T14:56:55","modified_gmt":"2023-09-08T17:56:55","slug":"maximo-kirchner-reaparece-en-la-campana-junto-a-massa-y-kicillof","status":"publish","type":"post","link":"https:\/\/www.actualidadadiario.com\/index.php\/2023\/09\/08\/maximo-kirchner-reaparece-en-la-campana-junto-a-massa-y-kicillof\/","title":{"rendered":"M\u00e1ximo Kirchner reaparece en la campa\u00f1a junto a Massa y Kicillof"},"content":{"rendered":"<p style=\"text-align: center;\"><em><strong>El diputado viajar\u00e1 a Tucum\u00e1n ma\u00f1ana donde compartir\u00e1 un acto con los principales candidatos de Uni\u00f3n por la Patria. No se lo ven\u00eda en un escenario desde las PASO<\/strong><\/em><\/p>\n<p>&nbsp;<\/p>\n<p>&nbsp;<\/p>\n<p>El diputado del Frente de Todos, M\u00e1ximo Kirchner, no aparec\u00eda en p\u00fablico desde las PASO el 13 de agosto. Este s\u00e1bado viajar\u00e1 a Tucum\u00e1n para compartir un acto junto al candidato a presidente de Uni\u00f3n por la Patria, Sergio Massa.<\/p>\n<p>El hijo de la vicepresidenta y tambi\u00e9n candidato a diputado volver\u00e1 al escenario p\u00fablico para el relanzamiento de la campa\u00f1a del ministro de Econom\u00eda de cara las elecciones generales del 22 de octubre.<\/p>\n<p>Desde la noche en la que esperaron los resultados en el b\u00fanker de UxP,\u00a0 M\u00e1ximo no aparec\u00eda junto a Massa. Tampoco se lo vio con el gobernador bonaerense, Axel Kicillof, quien tambi\u00e9n participar\u00e1 de la cumbre de gobernadores en la provincia de Tucum\u00e1n.<\/p>\n<p>El sindicalismo y dirigentes del propio espacio pol\u00edtico ven\u00edan reclamando una mayor participaci\u00f3n en la campa\u00f1a electoral para poder ingresar al bolotaje. Al igual que Cristina Kirchner estuvieron corridos de cualquier participaci\u00f3n electoral en esta etapa de la campa\u00f1a.<\/p>\n<p>La vicepresidenta no aparece en la campa\u00f1a desde antes de las PASO, cuando el 17 de julio comparti\u00f3 un acto con Massa por los 15 a\u00f1os de la reestatizaci\u00f3n de Aerol\u00edneas Argentinas y se sacaron una foto en la cabina de un avi\u00f3n.<\/p>\n<p>Ni Cristina ni M\u00e1ximo hab\u00edan aparecido en el escenario electoral luego de casi un mes desde que el oficialismo qued\u00f3 en tercer lugar en las elecciones primarias. La expresidenta hab\u00eda adelantado el resultado de los tercios previo a las PASO.<\/p>\n<p>&nbsp;<\/p>\n<p><strong>La figura de M\u00e1ximo en la campa\u00f1a<\/strong><\/p>\n<p>El viaje del diputado y presidente del PJ bonaerense puede leerse como un gesto pol\u00edtico para levantar las expectativas electorales y poder entrar a una segunda vuelta. En Uni\u00f3n por la Patria no descartan competir en el balotaje con el l\u00edder de Libertad Avanza, Javier Milei, quien sac\u00f3 la mayor cantidad de votos.<\/p>\n<p>El candidato presidencial empezar\u00e1 este fin de semana una nueva estrategia con el apoyo de los gobernadores del peronismo, quien hace pocos d\u00edas rechazaban el pago de un bono a los trabajadores provinciales.<\/p>\n<p>Los principales referentes de Uni\u00f3n por la Patria viajar\u00e1n a Tucum\u00e1n para compartir un encuentro con los gobernadores de la Liga del Norte y los principales dirigentes de la CGT. Tambi\u00e9n asistir\u00e1n legisladores, intendentes y referentes pol\u00edticos. El ministro del Interior y candidato a senador, Wado de Pedro, se sumar\u00e1 a la comitiva prevista para el s\u00e1bado.<\/p>\n<p>Ese mismo d\u00eda se realizar\u00e1 un desayuno con empresarios, y luego se concretar\u00e1 el encuentro central previsto para la tarde en el Hip\u00f3dromo tucumano.<\/p>\n","protected":false},"excerpt":{"rendered":"<p>El diputado viajar\u00e1 a Tucum\u00e1n ma\u00f1ana donde compartir\u00e1 un acto con los principales candidatos de Uni\u00f3n por la Patria. No se lo ven\u00eda en un escenario desde las PASO &nbsp; &nbsp; El diputado del Frente de Todos, M\u00e1ximo Kirchner, no aparec\u00eda en p\u00fablico desde las PASO el 13 de agosto. Este s\u00e1bado viajar\u00e1 a Tucum\u00e1n para compartir un acto junto al candidato a presidente de Uni\u00f3n por la Patria, Sergio Massa. El hijo de la vicepresidenta y tambi\u00e9n candidato a diputado volver\u00e1 al escenario p\u00fablico para el relanzamiento de la&#8230;<\/p>\n","protected":false},"author":3,"featured_media":107699,"comment_status":"closed","ping_status":"closed","sticky":false,"template":"","format":"standard","meta":[],"categories":[18],"tags":[],"_links":{"self":[{"href":"https:\/\/www.actualidadadiario.com\/index.php\/wp-json\/wp\/v2\/posts\/107698"}],"collection":[{"href":"https:\/\/www.actualidadadiario.com\/index.php\/wp-json\/wp\/v2\/posts"}],"about":[{"href":"https:\/\/www.actualidadadiario.com\/index.php\/wp-json\/wp\/v2\/types\/post"}],"author":[{"embeddable":true,"href":"https:\/\/www.actualidadadiario.com\/index.php\/wp-json\/wp\/v2\/users\/3"}],"replies":[{"embeddable":true,"href":"https:\/\/www.actualidadadiario.com\/index.php\/wp-json\/wp\/v2\/comments?post=107698"}],"version-history":[{"count":1,"href":"https:\/\/www.actualidadadiario.com\/index.php\/wp-json\/wp\/v2\/posts\/107698\/revisions"}],"predecessor-version":[{"id":107700,"href":"https:\/\/www.actualidadadiario.com\/index.php\/wp-json\/wp\/v2\/posts\/107698\/revisions\/107700"}],"wp:featuredmedia":[{"embeddable":true,"href":"https:\/\/www.actualidadadiario.com\/index.php\/wp-json\/wp\/v2\/media\/107699"}],"wp:attachment":[{"href":"https:\/\/www.actualidadadiario.com\/index.php\/wp-json\/wp\/v2\/media?parent=107698"}],"wp:term":[{"taxonomy":"category","embeddable":true,"href":"https:\/\/www.actualidadadiario.com\/index.php\/wp-json\/wp\/v2\/categories?post=107698"},{"taxonomy":"post_tag","embeddable":true,"href":"https:\/\/www.actualidadadiario.com\/index.php\/wp-json\/wp\/v2\/tags?post=107698"}],"curies":[{"name":"wp","href":"https:\/\/api.w.org\/{rel}","templated":true}]}}