{"id":107695,"date":"2023-09-08T14:56:00","date_gmt":"2023-09-08T17:56:00","guid":{"rendered":"https:\/\/www.actualidadadiario.com\/?p=107695"},"modified":"2023-09-08T14:56:00","modified_gmt":"2023-09-08T17:56:00","slug":"elecciones-en-santa-fe-lewandowski-y-pullaro-buscan-gobernar-el-tercer-distrito-del-pais","status":"publish","type":"post","link":"https:\/\/www.actualidadadiario.com\/index.php\/2023\/09\/08\/elecciones-en-santa-fe-lewandowski-y-pullaro-buscan-gobernar-el-tercer-distrito-del-pais\/","title":{"rendered":"Elecciones en Santa Fe: Lewandowski y Pullaro buscan gobernar el tercer distrito del pa\u00eds"},"content":{"rendered":"<p style=\"text-align: center;\"><em><strong>El tercer distrito electoral del pa\u00eds celebrar\u00e1 las elecciones generales para definir el sucesor del gobernador Omar Perotti y la nueva composici\u00f3n de la Legislatura bicameral<\/strong><\/em><\/p>\n<p>&nbsp;<\/p>\n<p>&nbsp;<\/p>\n<p>La provincia de Santa Fe, tercer distrito en cantidad de electores del pa\u00eds, celebrar\u00e1 este domingo las elecciones generales para definir el sucesor del gobernador Omar Perotti, en una contienda que tiene como principales animadores al senador Marcelo Lewandowski por el oficialismo y a Maximiliano Pullaro por el frente opositor.<\/p>\n<p>Con un padr\u00f3n de 2.845.522 de ciudadanos, los santafesinos tambi\u00e9n elegir\u00e1n la nueva composici\u00f3n de la Legislatura bicameral, con 19 bancas de senadores departamentales y 50 de diputados, intendentes de 46 ciudades, incluidas Santa Fe y Rosario, 217 concejales y m\u00e1s de 1.600 miembros de comunas.<\/p>\n<p>&nbsp;<\/p>\n<p><strong>Candidatos y candidatas <\/strong><\/p>\n<p>De las primarias abiertas, simult\u00e1neas y obligatorias (PASO) locales del pasado 16 de julio surgieron cuatro f\u00f3rmulas para gobernador y vice:<\/p>\n<ul>\n<li><strong> Juntos Avancemos:<\/strong> Marcelo Lewandowski y Silvina Frana<\/li>\n<li><strong> Unidos para Cambiar Santa Fe:<\/strong> Maximiliano Pullaro y Gisela Scaglia<\/li>\n<li><strong> Viva la Libertad:<\/strong> Edelvino Bodoira y Nora S\u00e1nchez<\/li>\n<li><strong> Frente de Izquierda y los Trabajadores:<\/strong> Carla Deiana y Mauricio Acosta<\/li>\n<\/ul>\n<p>La campa\u00f1a electoral para las generales mostr\u00f3 un aspecto diferente a la desarrollada antes de las PASO, que se caracteriz\u00f3 por la virulencia entre Pullaro y su adversaria Carolina Losada, que dej\u00f3 secuelas a tal punto que la senadora no particip\u00f3 de ninguna actividad proselitista. En ese sentido, las acusaciones de Losada sobre v\u00ednculos de Pullaro con un polic\u00eda condenado por delitos de narcotr\u00e1fico no tuvieron correspondencia en la campa\u00f1a para las generales, ya que el tema no fue recogido por el postulante peronista.<\/p>\n<p>En cuanto al oficialismo, dividi\u00f3 sus esfuerzos en proponer a trav\u00e9s de Lewandowski una continuidad de las principales pol\u00edticas de la administraci\u00f3n Perotti, aunque con una l\u00f3gica diferente de visi\u00f3n del candidato, y la intenci\u00f3n del actual mandatario de alcanzar la mayor\u00eda en la C\u00e1mara de Diputados.<\/p>\n<p>Esa puja legislativa ser\u00e1 uno de los aspectos salientes de los comicios, ya que la Constituci\u00f3n provincial prev\u00e9 que el ganador en esa categor\u00eda se asegura al menos 28 de las 50 bancas en Diputados, lo cual resulta decisivo para la implementaci\u00f3n de pol\u00edticas p\u00fablicas. La Carta Magna provincial no permite la reelecci\u00f3n, por lo cual la intenci\u00f3n de Perotti es ganar en esa categor\u00eda para reeditar lo hecho por sus antecesores Antonio Bonfatti y Miguel Lifschitz, quienes dejaron el Sill\u00f3n del Brigadier L\u00f3pez y pasaron a presidir la C\u00e1mara baja.<\/p>\n<p>&nbsp;<\/p>\n<p><strong>Las listas que compiten <\/strong><\/p>\n<p>Ser\u00e1n seis las listas que competir\u00e1n por la mayor\u00eda legislativa, con Perotti encabezando la del oficialismo, que fue la m\u00e1s votada en t\u00e9rminos individuales, y la socialista Clara Garc\u00eda al frente de la del frente opositor, que en conjunto obtuvo en mayor porcentaje en las PASO. Adem\u00e1s, son primeros en sus n\u00f3minas Amalia Granata (Unite), Juan Domingo Arga\u00f1araz (Viva la Libertad), Rub\u00e9n Giustiniani (Igualdad y Participaci\u00f3n), y Carlos Del Frade (Frente Amplio por la Soberan\u00eda).<\/p>\n<p>&nbsp;<\/p>\n<p><strong>Intendencias\u00a0\u00a0 <\/strong><\/p>\n<p>Adem\u00e1s, concita la atenci\u00f3n la carrera por las intendencias, entre las que se destacan por su peso econ\u00f3mico y demogr\u00e1fico las de las ciudades de Rosario y Santa Fe.<\/p>\n<p>&nbsp;<\/p>\n<p><strong>Rosario<\/strong><\/p>\n<p>En el primer caso se da la particularidad que ser\u00e1 un mano a mano entre el actual intendente y postulante de Unidos para Cambiar Santa Fe, Pablo Javkin, y Juan Monteverde, que se impuso en la primaria del frente Juntos Avancemos, que re\u00fane al peronismo y sus aliados hist\u00f3ricos.<\/p>\n<p>&nbsp;<\/p>\n<p><strong>Santa Fe<\/strong><\/p>\n<p>En cuanto a la capital de la provincia, los votantes podr\u00e1n optar entre cuatro propuestas, entre ellas la m\u00e1s votada en las PASO que lidera el m\u00e9dico Juan Pablo Poletti, sorpresivo vencedor del actual intendente Emilio Jat\u00f3n. Adem\u00e1s, Ignacio Mart\u00ednez Kerz es el candidato que representar\u00e1 al peronismo org\u00e1nico, en tanto Federico Fulini (Proyecto Futuro), tambi\u00e9n de origen en el PJ, y Ram\u00f3n Fratte (Viva la Libertad), completan la oferta.<\/p>\n<p>En la provincia de Santa Fe se utiliza desde 2011 la boleta \u00fanica de papel, con lo cual el votante recibe de manos del presidente de mesa una hoja por cada categor\u00eda que se elige, donde figuran todos los candidatos con sus fotograf\u00edas y al costado casilleros para marcar con una cruz el de su preferencia.<\/p>\n<p>Ese sistema reemplaz\u00f3 a la boleta s\u00e1bana, que obligaba al elector a realizar un corte de boleta en caso de querer optar por candidatos de distintos partidos, algo que la boleta \u00fanica torn\u00f3 innecesario debido a que, de hecho, se deben introducir las hojas en urnas separadas por categor\u00eda.<\/p>\n","protected":false},"excerpt":{"rendered":"<p>El tercer distrito electoral del pa\u00eds celebrar\u00e1 las elecciones generales para definir el sucesor del gobernador Omar Perotti y la nueva composici\u00f3n de la Legislatura bicameral &nbsp; &nbsp; La provincia de Santa Fe, tercer distrito en cantidad de electores del pa\u00eds, celebrar\u00e1 este domingo las elecciones generales para definir el sucesor del gobernador Omar Perotti, en una contienda que tiene como principales animadores al senador Marcelo Lewandowski por el oficialismo y a Maximiliano Pullaro por el frente opositor. Con un padr\u00f3n de 2.845.522 de ciudadanos, los santafesinos tambi\u00e9n elegir\u00e1n la&#8230;<\/p>\n","protected":false},"author":3,"featured_media":107696,"comment_status":"closed","ping_status":"closed","sticky":false,"template":"","format":"standard","meta":[],"categories":[18],"tags":[],"_links":{"self":[{"href":"https:\/\/www.actualidadadiario.com\/index.php\/wp-json\/wp\/v2\/posts\/107695"}],"collection":[{"href":"https:\/\/www.actualidadadiario.com\/index.php\/wp-json\/wp\/v2\/posts"}],"about":[{"href":"https:\/\/www.actualidadadiario.com\/index.php\/wp-json\/wp\/v2\/types\/post"}],"author":[{"embeddable":true,"href":"https:\/\/www.actualidadadiario.com\/index.php\/wp-json\/wp\/v2\/users\/3"}],"replies":[{"embeddable":true,"href":"https:\/\/www.actualidadadiario.com\/index.php\/wp-json\/wp\/v2\/comments?post=107695"}],"version-history":[{"count":1,"href":"https:\/\/www.actualidadadiario.com\/index.php\/wp-json\/wp\/v2\/posts\/107695\/revisions"}],"predecessor-version":[{"id":107697,"href":"https:\/\/www.actualidadadiario.com\/index.php\/wp-json\/wp\/v2\/posts\/107695\/revisions\/107697"}],"wp:featuredmedia":[{"embeddable":true,"href":"https:\/\/www.actualidadadiario.com\/index.php\/wp-json\/wp\/v2\/media\/107696"}],"wp:attachment":[{"href":"https:\/\/www.actualidadadiario.com\/index.php\/wp-json\/wp\/v2\/media?parent=107695"}],"wp:term":[{"taxonomy":"category","embeddable":true,"href":"https:\/\/www.actualidadadiario.com\/index.php\/wp-json\/wp\/v2\/categories?post=107695"},{"taxonomy":"post_tag","embeddable":true,"href":"https:\/\/www.actualidadadiario.com\/index.php\/wp-json\/wp\/v2\/tags?post=107695"}],"curies":[{"name":"wp","href":"https:\/\/api.w.org\/{rel}","templated":true}]}}