{"id":107687,"date":"2023-09-08T14:53:34","date_gmt":"2023-09-08T17:53:34","guid":{"rendered":"https:\/\/www.actualidadadiario.com\/?p=107687"},"modified":"2023-09-08T14:53:34","modified_gmt":"2023-09-08T17:53:34","slug":"en-nueva-delhi-fernandez-prepara-sus-intervenciones-ante-el-g20-y-define-bilaterales","status":"publish","type":"post","link":"https:\/\/www.actualidadadiario.com\/index.php\/2023\/09\/08\/en-nueva-delhi-fernandez-prepara-sus-intervenciones-ante-el-g20-y-define-bilaterales\/","title":{"rendered":"En Nueva Delhi, Fern\u00e1ndez prepara sus intervenciones ante el G20 y define bilaterales"},"content":{"rendered":"<p style=\"text-align: center;\"><em><strong>El presidente lleg\u00f3 a la India y dedicar\u00e1 la jornada a terminar de pulir los dos discursos que brindar\u00e1 el s\u00e1bado y organizar los encuentros bilaterales que mantendr\u00e1 al margen del encuentro que se desarrollar\u00e1 entre s\u00e1bado y domingo<\/strong><\/em><\/p>\n<p>&nbsp;<\/p>\n<p>&nbsp;<\/p>\n<p>El presidente Alberto Fern\u00e1ndez lleg\u00f3 este viernes a la ciudad de Nueva Delhi, India, y dedicar\u00e1 la jornada a terminar de pulir los dos discursos que brindar\u00e1 el s\u00e1bado ante sus pares del G20 y organizar los encuentros bilaterales que mantendr\u00e1 al margen de la cumbre.<\/p>\n<p>Con una comitiva reducida y bajo un calor agobiante, Fern\u00e1ndez arrib\u00f3 en la madrugada de este viernes (la noche del jueves en Buenos Aires, con la que hay 8 horas y media de diferencia) y se aloj\u00f3 en el Hotel Pullman, ubicado en una zona denominada Aerocity, muy cerca del aeropuerto y alejada del centro de la ciudad, una especie de barrio cerrado con hoteles de lujo y restaurantes.<\/p>\n<p>&#8220;Arribamos a Nueva Delhi, India, para participar de la Cumbre del #G20, &#8220;Una tierra, una familia, un futuro&#8221;, escribi\u00f3 Fern\u00e1ndez en un mensaje publicado su cuenta de la red social X, antes conocida como Twitter, en el cual ilustra su llegada a la naci\u00f3n asi\u00e1tica con una foto en la que se lo ve descendiendo de un avi\u00f3n junto con el canciller, Santiago Cafiero.<\/p>\n<p>&#8220;El desarrollo multilateral que beneficia a nuestro pa\u00eds, se construye con di\u00e1logo y cooperaci\u00f3n. Vamos a profundizar estos ejes claves de nuestra pol\u00edtica exterior&#8221;, remarc\u00f3 el jefe de Estado en su publicaci\u00f3n.<\/p>\n<p>La comitiva que lo acompa\u00f1a est\u00e1 integrada por el canciller Santiago Cafiero; el embajador argentino en Estados Unidos y sherpa del G20, Jorge Arg\u00fcello; y los secretarios General de la Presidencia, Julio Vitobello; y de Comunicaci\u00f3n y Prensa, Gabriela Cerruti.<\/p>\n<p>El mandatario viaj\u00f3 casi 24 horas, hizo escala en la ciudad sudafricana de Johannesburgo y aprovechar\u00e1 la jornada para reponerse de la diferencia horaria y terminar de pulir los discursos y las bilaterales que tendr\u00e1 el s\u00e1bado.<\/p>\n<p>La comitiva argentina lleg\u00f3 a una ciudad blindada con estrictas medidas de seguridad: en Aerocity donde se alojan tambi\u00e9n otros mandatarios pueden verse recorriendo las calles efectivos militares con armas largas.<\/p>\n<p>Por esa misma raz\u00f3n de seguridad, la ciudad de Nueva Delhi-donde viven 20 millones de personas- muestra una severa restricci\u00f3n de la circulaci\u00f3n y se mantienen cerrados supermercados, escuelas, oficinas, restaurantes y shoppings, mientras que la v\u00eda p\u00fablica est\u00e1 repleta de coloridos carteles d\u00e1ndole la bienvenida a las delegaciones del G20 con la foto del primer ministro Narendra Modi en primer plano.<\/p>\n<p>Calles casi desiertas de sus pobladores habituales, poco transporte p\u00fablico y vac\u00edo, y un gran predominio de motos y los famosos tuk tuk -o tambi\u00e9n llamados rickshaw-, un veh\u00edculo triciclo motorizado, muy utilizado en distintos pa\u00edses de Asia, completan el panorama urbano.<\/p>\n<p>El escenario de la cumbre ser\u00e1 el centro de exhibiciones y convenciones de Pragati Maidan, que se inaugur\u00f3 el pasado julio con un presupuesto de 330 millones de d\u00f3lares y abarca una superficie de casi 500.000 m2, que incluye un centro de prensa que recibir\u00e1 tres mil periodistas acreditados de todo el mundo.<\/p>\n<p>La cumbre se desarrollar\u00e1 entre s\u00e1bado y domingo sin la presencia de los presidentes de Rusia y China, y en medio de fuertes discrepancias entre los pa\u00edses del bloque por temas que van desde la guerra en Ucrania, el funcionamiento del sistema financiero global y la reestructuraci\u00f3n de las deudas externas.<\/p>\n<p>En tanto, la del presidente argentino en Nueva Delhi ser\u00e1 una estad\u00eda corta e intensa: el s\u00e1bado tendr\u00e1 dos intervenciones de tres minutos cada una ante los l\u00edderes del G20, la primera por la ma\u00f1ana (en la madrugada de Buenos Aires) cuando expondr\u00e1 en la sesi\u00f3n &#8220;Una Tierra&#8221;, donde se har\u00e1 referencia a los desaf\u00edos ambientales -como los efectos del cambio clim\u00e1tico, la p\u00e9rdida de biodiversidad, la desertificaci\u00f3n y la contaminaci\u00f3n- y a problemas centrales de la agenda global como la inseguridad alimentaria y energ\u00e9tica.<\/p>\n<p>La segunda sesi\u00f3n \u201cUna familia\u201d har\u00e1 foco en el desarrollo sostenible y los avances y desaf\u00edos pendientes en materia de derechos humanos e igualdad de g\u00e9nero.<\/p>\n<p>Adem\u00e1s ya tiene en agenda reuniones bilaterales con los presidentes de la Rep\u00fablica de Corea, Yoon Suk Yeol; de Emiratos \u00c1rabes Unidos, Jeque Mohamed bin Zayed Al Nahyan; con la primera ministra de la Rep\u00fablica Popular de Bangladesh, Sheikh Hasina, y se estaba terminando de definir con el primer ministro de India, Narendra Modi.<\/p>\n<p>Tambi\u00e9n en el marco de la cumbre podr\u00e1 tendr\u00e1 contactos informales con sus pares de Brasil, Luiz In\u00e1cio Lula da Silva -cuyo pa\u00eds asumir\u00e1 la presidencia del G20 en diciembre-; de Francia, Emmanuel Macron; de Alemania, Olaf Scholz; y de Estados Unidos, Joe Biden, entre otros.<\/p>\n<p>En la noche del s\u00e1bado, Fern\u00e1ndez asistir\u00e1 a la cena de gala que ofrece India, mientras que el domingo los l\u00edderes est\u00e1n invitados a la colocaci\u00f3n de una ofrenda floral en el monumento a Mahatma Gandhi, y a la \u00faltima sesi\u00f3n plenaria en la que se adoptar\u00e1 la declaraci\u00f3n final, que est\u00e1 siendo debatida por estas horas por los sherpas de las delegaciones.<\/p>\n<p>Tras los \u00faltimos encuentros bilaterales, el mandatario argentino emprender\u00e1 el regreso el mismo domingo a la tarde, y volar\u00e1 directamente a Santiago de Chile para asistir el lunes a los actos en conmemoraci\u00f3n del 50 aniversario del golpe de Estado que encabez\u00f3 Augusto Pinochet contra el entonces presidente socialista Salvador Allende.<\/p>\n<p>En Nueva Delhi se producir\u00e1 su \u00faltima intervenci\u00f3n en la cumbre del G20 antes de terminar su mandato, visita con la que iniciar\u00e1 un periplo internacional que lo mantendr\u00e1 con una agenda cargada durante todo el mes de septiembre, que incluye visitas a Chile, Cuba y Estados Unidos.<\/p>\n<p>&nbsp;<\/p>\n<p><strong>L\u00edderes mundiales y funcionarios llegan a Nueva Delhi<\/strong><\/p>\n<p>L\u00edderes mundiales y funcionarios de las principales potencias del mundo comenzaron a llegar este viernes a una Nueva Delhi irreconocible, ya que la populosa ciudad de 20 millones de habitantes est\u00e1 pr\u00e1cticamente desierta en sus calles para garantizar la seguridad de la cumbre del G20 que se desarrolla este fin de semana.<\/p>\n<p>Adem\u00e1s del presidente argentino, arribaron en las \u00faltimas horas a la capital india la primera ministra italiana, Giorgia Meloni; el canciller ruso, Serguei Lavrov; el premier de Jap\u00f3n, Fumio Kishida; el secretario general de la ONU, Ant\u00f3nio Guterres, y la directora general del Fondo Monetario Internacional (FMI), Kristalina Georgieva, entre otros.<\/p>\n<p>Tambi\u00e9n llegaron ya el presidente surcoreano Yoon Suk-yeol y el primer ministro del Reino Unido, Rishi Sunak, en tanto que se aguarda para las pr\u00f3ximas horas la llegada del presidente de los Estados Unidos, Joe Biden, quien ser\u00e1 recibido en su residencia por el l\u00edder de India, Narendra Modi.<\/p>\n<p>Por las restricciones de seguridad, las calles de esta megal\u00f3polis de 20 millones de habitantes se ven con muy poco movimiento, pero llenas de efectivos militares y soldados armados con ametralladoras.<\/p>\n<p>El operativo de seguridad incluye fuerzas comando especiales, veh\u00edculos blindados, francotiradores y hombres contratados para espantar monos, que son habituales de ver por la capital india.<\/p>\n<p>La mayor seguridad se concentra en el complejo de convenciones Pragati Maidan, ubicado cerca de las torres de la fortaleza Purana Qila, que ser\u00e1 sede de las deliberaciones del G20, as\u00ed como en Raj Ghat, el memorial dedicado a Mahatma Gandhi que los l\u00edderes visitar\u00e1n el domingo, y en Aerocity, una especie de barrio cerrado cercano al aeropuerto donde se concentran los hoteles m\u00e1s importantes.<\/p>\n<p>Seg\u00fan informan los medios locales, el gobierno de India sac\u00f3 de las calles a las miles de personas &#8216;sin techo&#8217; que viven en esta ciudad y las traslad\u00f3 a hogares, as\u00ed como tambi\u00e9n a los perros callejeros; y adem\u00e1s dispuso restricciones en el tr\u00e1nsito vehicular con cortes programados y cierres de calles.<\/p>\n<p>La ciudad, sus calles, puentes y monumentos, lucen empapelados con la cara del primer ministro Modi en gigantesca carteler\u00eda que da la bienvenida a los l\u00edderes y sus delegaciones.<\/p>\n<p>Para embellecer la ciudad se plantaron flores en las principales calles y se remodelaron los parques y la luminaria p\u00fablica, con el objetivo de mostrar a los visitantes una imagen impecable de la ciudad.<\/p>\n<p>&nbsp;<\/p>\n<p><strong>India tiene &#8220;casi listo&#8221; el borrador de la declaraci\u00f3n del G20, pendiente del aval de los pa\u00edses<\/strong><\/p>\n<p>El Gobierno de India indic\u00f3 que tiene &#8220;casi listo&#8221; el borrador con el que aspira a lograr un mensaje com\u00fan al t\u00e9rmino de la cumbre, pese a las diferencias que existen por cuestiones clave como los posicionamientos sobre la guerra en Ucrania y las responsabilidades para combatir el cambio clim\u00e1tico.<\/p>\n<p>El principal negociador del pa\u00eds anfitri\u00f3n, Amitabh Kant, confirm\u00f3 en conferencia de prensa en Nueva Delhi que ya est\u00e1 pr\u00e1cticamente terminado el comunicado final que ser\u00e1 &#8220;recomendado&#8221; a los l\u00edderes durante los dos d\u00edas de debates este fin de semana.<\/p>\n<p>Corresponde a los jefes de Estado y de Gobierno &#8220;aceptarlo&#8221; o no, por lo que Kant reconoci\u00f3 que no ser\u00e1 hasta entonces cuando se confirmen los potenciales logros de la cumbre.<\/p>\n<p>Seg\u00fan anticip\u00f3, el texto incluye las voces y necesidades del Sur Global, que la India se esforz\u00f3 en defender desde que asumi\u00f3 la presidencia del G20 el pasado diciembre y que en tres meses pasar\u00e1 a Brasil.<\/p>\n<p>&#8220;El reto es alcanzar el consenso en todos los asuntos. Cada pa\u00eds tiene derecho de veto&#8221;, reconoci\u00f3 el negociador en declaraciones que reproduce la cadena local NDTV, ante las evidentes discrepancias que hay dentro del bloque.<\/p>\n<p>La condena a la guerra es justamente el mayor escollo para lograr una declaraci\u00f3n final consensuada, lo que s\u00ed se consigui\u00f3 el a\u00f1o pasado en la cumbre de Bali (Indonesia), con aguas divididas entre las potencias occidentales representadas en el G20 por los l\u00edderes de Estados Unidos (Joe Biden), Reino Unido (Rishi Sunak), Francia (Emmanuel Macron), Alemania (Olaf Scholz), Italia (Giorgia Meloni), Canad\u00e1 (Justin Trudeau) y la Uni\u00f3n Europea (Ursula von der Leyen) y la postura que defienden Rusia y China.<\/p>\n<p>Uno de los hechos en los que s\u00ed parece haber acuerdo es en la confirmaci\u00f3n de la futura entrada en el G20 de la Uni\u00f3n Africana, bloque que representa a 55 pa\u00edses del continente.<\/p>\n<p>Actualmente, la \u00fanica organizaci\u00f3n regional que forma parte del G20 es la Uni\u00f3n Europea (UE), aunque se suele invitar a los l\u00edderes de los pa\u00edses que ostentan la presidencia pro tempore de distintos foros internacionales.<\/p>\n","protected":false},"excerpt":{"rendered":"<p>El presidente lleg\u00f3 a la India y dedicar\u00e1 la jornada a terminar de pulir los dos discursos que brindar\u00e1 el s\u00e1bado y organizar los encuentros bilaterales que mantendr\u00e1 al margen del encuentro que se desarrollar\u00e1 entre s\u00e1bado y domingo &nbsp; &nbsp; El presidente Alberto Fern\u00e1ndez lleg\u00f3 este viernes a la ciudad de Nueva Delhi, India, y dedicar\u00e1 la jornada a terminar de pulir los dos discursos que brindar\u00e1 el s\u00e1bado ante sus pares del G20 y organizar los encuentros bilaterales que mantendr\u00e1 al margen de la cumbre. Con una comitiva&#8230;<\/p>\n","protected":false},"author":3,"featured_media":107688,"comment_status":"closed","ping_status":"closed","sticky":false,"template":"","format":"standard","meta":[],"categories":[18],"tags":[],"_links":{"self":[{"href":"https:\/\/www.actualidadadiario.com\/index.php\/wp-json\/wp\/v2\/posts\/107687"}],"collection":[{"href":"https:\/\/www.actualidadadiario.com\/index.php\/wp-json\/wp\/v2\/posts"}],"about":[{"href":"https:\/\/www.actualidadadiario.com\/index.php\/wp-json\/wp\/v2\/types\/post"}],"author":[{"embeddable":true,"href":"https:\/\/www.actualidadadiario.com\/index.php\/wp-json\/wp\/v2\/users\/3"}],"replies":[{"embeddable":true,"href":"https:\/\/www.actualidadadiario.com\/index.php\/wp-json\/wp\/v2\/comments?post=107687"}],"version-history":[{"count":1,"href":"https:\/\/www.actualidadadiario.com\/index.php\/wp-json\/wp\/v2\/posts\/107687\/revisions"}],"predecessor-version":[{"id":107689,"href":"https:\/\/www.actualidadadiario.com\/index.php\/wp-json\/wp\/v2\/posts\/107687\/revisions\/107689"}],"wp:featuredmedia":[{"embeddable":true,"href":"https:\/\/www.actualidadadiario.com\/index.php\/wp-json\/wp\/v2\/media\/107688"}],"wp:attachment":[{"href":"https:\/\/www.actualidadadiario.com\/index.php\/wp-json\/wp\/v2\/media?parent=107687"}],"wp:term":[{"taxonomy":"category","embeddable":true,"href":"https:\/\/www.actualidadadiario.com\/index.php\/wp-json\/wp\/v2\/categories?post=107687"},{"taxonomy":"post_tag","embeddable":true,"href":"https:\/\/www.actualidadadiario.com\/index.php\/wp-json\/wp\/v2\/tags?post=107687"}],"curies":[{"name":"wp","href":"https:\/\/api.w.org\/{rel}","templated":true}]}}