{"id":107682,"date":"2023-09-08T14:51:59","date_gmt":"2023-09-08T17:51:59","guid":{"rendered":"https:\/\/www.actualidadadiario.com\/?p=107682"},"modified":"2023-09-08T14:51:59","modified_gmt":"2023-09-08T17:51:59","slug":"una-nueva-encuesta-arroja-un-posible-ballotage-entre-massa-y-milei-bullrich-desdibujada","status":"publish","type":"post","link":"https:\/\/www.actualidadadiario.com\/index.php\/2023\/09\/08\/una-nueva-encuesta-arroja-un-posible-ballotage-entre-massa-y-milei-bullrich-desdibujada\/","title":{"rendered":"Una nueva encuesta arroja un posible ballotage entre Massa y Milei, Bullrich desdibujada"},"content":{"rendered":"<p style=\"text-align: center;\"><em><strong>Un sondeo de la consultora Analog\u00edas arroj\u00f3 que el ministro de Econom\u00eda creci\u00f3 en intenci\u00f3n de voto luego de las PASO y que tiene altas chances de meterse en una segunda vuelta con el candidato libertario. C\u00f3mo se ubican el resto de las fuerzas pol\u00edticas<\/strong><\/em><\/p>\n<p>&nbsp;<\/p>\n<p>&nbsp;<\/p>\n<p>La consultora Analog\u00edas realiz\u00f3 un estudio de opini\u00f3n p\u00fablica nacional sobre el escenario para las presidenciales de octubre con un dato positivo para el oficialismo: &#8220;Una leve mejora de Sergio Massa, que es equivalente a una ca\u00edda de Javier Milei, de alrededor de un punto porcentual&#8221;, sostiene el informe. El resultado colocar\u00eda a los candidatos de La Libertad Avanza y de Uni\u00f3n por la Patria en una segunda vuelta en noviembre.<\/p>\n<p>Entre la semana posterior a las PASO y esta semana, el espacio de Javier Milei arroj\u00f3 un punto menos de intenci\u00f3n de voto, mientras que Sergio Massa lo increment\u00f3. De todas formas, el candidato de La Libertad Avanza a\u00fan sigue liderando el sondeo con un 31,1% sobre un 28,1% del ministro de Econom\u00eda.<\/p>\n<p>Pero si el escenario post PASO marc\u00f3 la divisi\u00f3n en tres tercios, \u00bfqu\u00e9 ocurre con los votos de Juntos por el Cambio? Patricia Bullrich subi\u00f3 apenas un 0,3% tras la incorporaci\u00f3n de Carlos Melconian como posible ministro de Econom\u00eda. La candidata de JxC suma un 21,2% de la intenci\u00f3n de votos. Adem\u00e1s, seg\u00fan el an\u00e1lisis de la consultora, &#8220;el voto de Horacio Rodr\u00edguez Larreta en las PASO se sigue desgranando, de modo que s\u00f3lo el 50% se traslada a Patricia Bullrich&#8221;.<\/p>\n<p>En el estudio de alcance nacional, realizado entre el 3 y 5 de septiembre, la incertidumbre sobre la posibilidad de que Milei alcance el 40% de los votos y una diferencia de diez puntos para poder ganar en primera vuelta no termina de diluirse, ya que un 11,4% de los encuestados respondi\u00f3 que &#8220;no sabe&#8221; a qui\u00e9n votar\u00e1.<\/p>\n<p>Esa condici\u00f3n se increment\u00f3 en las semanas post PASO, cuando el 9,9% se mostraba indeciso. En ese sentido, el 2,1% dijo que votar\u00eda &#8220;en blanco&#8221;.<\/p>\n<p>En tanto, las otras dos fuerzas que superaron el piso del 1,5% de los votos y estar\u00e1n en la primera vuelta el 22 de octubre no superar\u00edan el 5% de los sufragios. El FIT con Myriam Bregman como candidata llegar\u00eda al 3,4% de los votos, con una ca\u00edda desde el 4,9% que registr\u00f3 en el sondeo posterior a las primarias; pero sigue por encima del gobernador cordob\u00e9s Juan Schiaretti, quien sumar\u00eda un 2,1% de los votos.<\/p>\n<p>&nbsp;<\/p>\n<p><strong>Votantes de cada fuerza pol\u00edtica <\/strong><\/p>\n<p>El informe de Analog\u00edas, hecho sobre 2.398 casos, desagrega la intenci\u00f3n de voto por edad, g\u00e9nero y nivel educativo. El informe contin\u00faa marcando que el voto a las ideas de ultraderecha llega m\u00e1s entre los varones j\u00f3venes, de entre 16 a 29 a\u00f1os. La intenci\u00f3n de voto entre los varones aumenta al 36,9% y a 40,6% entre los 16 y 29 a\u00f1os, la cifra m\u00e1s alta de todo el estudio.<\/p>\n<p>En el caso del ministro de Econom\u00eda y candidato presidencial el panorama se invierte, mejora su intenci\u00f3n de voto entre las mujeres y las personas adultas. Entre las mujeres la intenci\u00f3n de voto de Massa llega al 29,9%, el 33% entre las personas de 45 a 59 y a\u00f1os, y 39,3% entre los mayores de 60, personas que vivieron la \u00e9poca del menemismo y la dictadura militar que reivindica Milei.<\/p>\n<p>El voto para Patricia Bullrich se mantiene en los mismos par\u00e1metros que el de Massa, con mayor intenci\u00f3n de voto entre las mujeres y entre las personas de m\u00e1s de 45 a\u00f1os, a pesar de que transit\u00f3 el gobierno de Alianza. Al repasar el voto indeciso son tambi\u00e9n un mayor porcentaje de mujeres las que a\u00fan no definieron su voto.<\/p>\n<p>Si bien el nivel educativo de las personas no parece modificar el voto y se reparte en tercios con algunas leves variaciones entre candidatos; en el caso de la candidata del FIT hay una marcada diferencia entre quienes expresan su favoritismo por ella y tienen el primario como nivel educativo alcanzado.<\/p>\n","protected":false},"excerpt":{"rendered":"<p>Un sondeo de la consultora Analog\u00edas arroj\u00f3 que el ministro de Econom\u00eda creci\u00f3 en intenci\u00f3n de voto luego de las PASO y que tiene altas chances de meterse en una segunda vuelta con el candidato libertario. C\u00f3mo se ubican el resto de las fuerzas pol\u00edticas &nbsp; &nbsp; La consultora Analog\u00edas realiz\u00f3 un estudio de opini\u00f3n p\u00fablica nacional sobre el escenario para las presidenciales de octubre con un dato positivo para el oficialismo: &#8220;Una leve mejora de Sergio Massa, que es equivalente a una ca\u00edda de Javier Milei, de alrededor de&#8230;<\/p>\n","protected":false},"author":3,"featured_media":107602,"comment_status":"closed","ping_status":"closed","sticky":false,"template":"","format":"standard","meta":[],"categories":[9],"tags":[],"_links":{"self":[{"href":"https:\/\/www.actualidadadiario.com\/index.php\/wp-json\/wp\/v2\/posts\/107682"}],"collection":[{"href":"https:\/\/www.actualidadadiario.com\/index.php\/wp-json\/wp\/v2\/posts"}],"about":[{"href":"https:\/\/www.actualidadadiario.com\/index.php\/wp-json\/wp\/v2\/types\/post"}],"author":[{"embeddable":true,"href":"https:\/\/www.actualidadadiario.com\/index.php\/wp-json\/wp\/v2\/users\/3"}],"replies":[{"embeddable":true,"href":"https:\/\/www.actualidadadiario.com\/index.php\/wp-json\/wp\/v2\/comments?post=107682"}],"version-history":[{"count":1,"href":"https:\/\/www.actualidadadiario.com\/index.php\/wp-json\/wp\/v2\/posts\/107682\/revisions"}],"predecessor-version":[{"id":107683,"href":"https:\/\/www.actualidadadiario.com\/index.php\/wp-json\/wp\/v2\/posts\/107682\/revisions\/107683"}],"wp:featuredmedia":[{"embeddable":true,"href":"https:\/\/www.actualidadadiario.com\/index.php\/wp-json\/wp\/v2\/media\/107602"}],"wp:attachment":[{"href":"https:\/\/www.actualidadadiario.com\/index.php\/wp-json\/wp\/v2\/media?parent=107682"}],"wp:term":[{"taxonomy":"category","embeddable":true,"href":"https:\/\/www.actualidadadiario.com\/index.php\/wp-json\/wp\/v2\/categories?post=107682"},{"taxonomy":"post_tag","embeddable":true,"href":"https:\/\/www.actualidadadiario.com\/index.php\/wp-json\/wp\/v2\/tags?post=107682"}],"curies":[{"name":"wp","href":"https:\/\/api.w.org\/{rel}","templated":true}]}}