{"id":107679,"date":"2023-09-08T13:02:32","date_gmt":"2023-09-08T16:02:32","guid":{"rendered":"https:\/\/www.actualidadadiario.com\/?p=107679"},"modified":"2023-09-08T13:02:32","modified_gmt":"2023-09-08T16:02:32","slug":"monotributo-social-afip-reglamenta-y-mejora-condiciones-del-programa","status":"publish","type":"post","link":"https:\/\/www.actualidadadiario.com\/index.php\/2023\/09\/08\/monotributo-social-afip-reglamenta-y-mejora-condiciones-del-programa\/","title":{"rendered":"Monotributo social: AFIP reglamenta y mejora condiciones del programa"},"content":{"rendered":"<p style=\"text-align: center;\"><em><strong>La propuesta que impulsa Sergio Massa y que ya es ley busca reducir la carga tributaria para los trabajadores independientes. Impulsa su acceso a obra social y jubilaci\u00f3n a trav\u00e9s del blanqueo de actividad<\/strong><\/em><\/p>\n<p>&nbsp;<\/p>\n<p>&nbsp;<\/p>\n<p>El Gobierno, a trav\u00e9s del Decreto 444\/2023 publicado Bolet\u00edn Oficial, modific\u00f3 el R\u00e9gimen de Inclusi\u00f3n Social y Promoci\u00f3n del Trabajo Independiente. Dicho r\u00e9gimen tiene como objetivo promover la inserci\u00f3n de trabajadores independientes en la econom\u00eda formal y el acceso a la igualdad de oportunidades.<\/p>\n<p>Este viernes, a trav\u00e9s de la Resoluci\u00f3n General 5415\/2023, introdujo algunos cambios muy importantes para el llamado Monotributo Social.<\/p>\n<p>&nbsp;<\/p>\n<p><strong>En detalle, las modificaciones introducidas por la Resoluci\u00f3n son las siguientes:<\/strong><\/p>\n<p><strong>Reducci\u00f3n de las cargas obligatorias de los trabajadores independientes promovidos:<\/strong><\/p>\n<ul>\n<li>El importe de la cuota de inclusi\u00f3n social se reduce del 2,5% al 1% del monto total de las operaciones facturadas durante los primeros 36 meses de adhesi\u00f3n al r\u00e9gimen.<\/li>\n<li>El importe de la cuota de inclusi\u00f3n social pasa tambi\u00e9n del 2,5% al 1% del aporte mensual con destino al Sistema Integrado Previsional Argentino (SIPA) durante los primeros 36 meses de adhesi\u00f3n al r\u00e9gimen.<\/li>\n<li>Los trabajadores independientes promovidos estar\u00e1n exceptuados de efectuar los referidos pagos cuando desarrollen actividades agropecuarias o se trate de asociados a cooperativas de trabajo.<\/li>\n<li>Los trabajadores independientes promovidos que hubieran optado por su incorporaci\u00f3n y, en su caso, la de su grupo familiar primario, al Sistema Nacional del Seguro de Salud, deber\u00e1n ingresar las cotizaciones con destino a dicho sistema mediante la utilizaci\u00f3n de la credencial para el pago y por cualquiera de las formas previstas en los incisos a), e), f) y \u00faltimo p\u00e1rrafo del art\u00edculo 36.<\/li>\n<\/ul>\n<p>&nbsp;<\/p>\n<p><strong>Financiamiento de la diferencia de la cotizaci\u00f3n previsional:<\/strong><\/p>\n<ul>\n<li>El Ministerio de Desarrollo Social financiar\u00e1 la diferencia de la cotizaci\u00f3n previsional destinada al Sistema Integrado Previsional Argentino (SIPA) para los trabajadores independientes promovidos que, a su vez, se encuentren inscriptos en el Registro Nacional de Trabajadores y Trabajadoras de la Econom\u00eda Popular (RENATEP) (RENATEP).<\/li>\n<\/ul>\n<p>&nbsp;<\/p>\n<p><strong>Opci\u00f3n para ingresar la cotizaci\u00f3n previsional:<\/strong><\/p>\n<ul>\n<li>Los peque\u00f1os contribuyentes adheridos en la categor\u00eda B del R\u00e9gimen Simplificado (RS) que re\u00fanan las condiciones aplicables del R\u00e9gimen de Inclusi\u00f3n Social y Promoci\u00f3n del Trabajo Independiente, excepto por lo dispuesto en los incisos h) e i) del segundo p\u00e1rrafo del art\u00edculo 31 del Anexo de la Ley 24.977, sus modificaciones y complementarias, podr\u00e1n optar por ingresar la cotizaci\u00f3n previsional prevista en el inciso a) del art\u00edculo 39 del referido Anexo en los t\u00e9rminos del art\u00edculo 48 del Decreto1\/10 y sus modificatorios.<\/li>\n<\/ul>\n<p>&nbsp;<\/p>\n<p><strong>Diferimiento del plazo para el pago de las cotizaciones:<\/strong><\/p>\n<p>El plazo para el pago de las cotizaciones previstas se difiere hasta el 20 de febrero, inclusive, inmediato siguiente al de la finalizaci\u00f3n de cada a\u00f1o calendario.<\/p>\n<p>En general, las modificaciones introducidas tienen por objetivo facilitar el ingreso y mantenimiento en la econom\u00eda formal de los trabajadores independientes promovidos, reduciendo sus cargas obligatorias y facilitando el acceso a los beneficios de la seguridad social.<\/p>\n","protected":false},"excerpt":{"rendered":"<p>La propuesta que impulsa Sergio Massa y que ya es ley busca reducir la carga tributaria para los trabajadores independientes. Impulsa su acceso a obra social y jubilaci\u00f3n a trav\u00e9s del blanqueo de actividad &nbsp; &nbsp; El Gobierno, a trav\u00e9s del Decreto 444\/2023 publicado Bolet\u00edn Oficial, modific\u00f3 el R\u00e9gimen de Inclusi\u00f3n Social y Promoci\u00f3n del Trabajo Independiente. Dicho r\u00e9gimen tiene como objetivo promover la inserci\u00f3n de trabajadores independientes en la econom\u00eda formal y el acceso a la igualdad de oportunidades. Este viernes, a trav\u00e9s de la Resoluci\u00f3n General 5415\/2023, introdujo&#8230;<\/p>\n","protected":false},"author":3,"featured_media":79907,"comment_status":"closed","ping_status":"closed","sticky":false,"template":"","format":"standard","meta":[],"categories":[2],"tags":[],"_links":{"self":[{"href":"https:\/\/www.actualidadadiario.com\/index.php\/wp-json\/wp\/v2\/posts\/107679"}],"collection":[{"href":"https:\/\/www.actualidadadiario.com\/index.php\/wp-json\/wp\/v2\/posts"}],"about":[{"href":"https:\/\/www.actualidadadiario.com\/index.php\/wp-json\/wp\/v2\/types\/post"}],"author":[{"embeddable":true,"href":"https:\/\/www.actualidadadiario.com\/index.php\/wp-json\/wp\/v2\/users\/3"}],"replies":[{"embeddable":true,"href":"https:\/\/www.actualidadadiario.com\/index.php\/wp-json\/wp\/v2\/comments?post=107679"}],"version-history":[{"count":1,"href":"https:\/\/www.actualidadadiario.com\/index.php\/wp-json\/wp\/v2\/posts\/107679\/revisions"}],"predecessor-version":[{"id":107680,"href":"https:\/\/www.actualidadadiario.com\/index.php\/wp-json\/wp\/v2\/posts\/107679\/revisions\/107680"}],"wp:featuredmedia":[{"embeddable":true,"href":"https:\/\/www.actualidadadiario.com\/index.php\/wp-json\/wp\/v2\/media\/79907"}],"wp:attachment":[{"href":"https:\/\/www.actualidadadiario.com\/index.php\/wp-json\/wp\/v2\/media?parent=107679"}],"wp:term":[{"taxonomy":"category","embeddable":true,"href":"https:\/\/www.actualidadadiario.com\/index.php\/wp-json\/wp\/v2\/categories?post=107679"},{"taxonomy":"post_tag","embeddable":true,"href":"https:\/\/www.actualidadadiario.com\/index.php\/wp-json\/wp\/v2\/tags?post=107679"}],"curies":[{"name":"wp","href":"https:\/\/api.w.org\/{rel}","templated":true}]}}