{"id":10762,"date":"2017-04-28T09:43:28","date_gmt":"2017-04-28T12:43:28","guid":{"rendered":"http:\/\/actualidadadiario.com\/site\/?p=10762"},"modified":"2017-04-28T09:43:28","modified_gmt":"2017-04-28T12:43:28","slug":"con-la-condena-a-venezuela-como-bandera-argentina-retomo-el-alineamiento-con-ee-uu","status":"publish","type":"post","link":"https:\/\/www.actualidadadiario.com\/index.php\/2017\/04\/28\/con-la-condena-a-venezuela-como-bandera-argentina-retomo-el-alineamiento-con-ee-uu\/","title":{"rendered":"Con la condena a Venezuela como bandera, Argentina retom\u00f3 el alineamiento con EE.UU."},"content":{"rendered":"<p><em><strong>El presidente Mauricio Macri y su par de Estados Unidos, Donald Trump, coincidieron en sus cr\u00edticas al mandatario venezolano, Nicol\u00e1s Maduro, y acordaron &#8220;trabajar estrechamente para preservar las instituciones democr\u00e1ticas&#8221; en el pa\u00eds caribe\u00f1o. El ansiado (en especial para el Gobierno argentino) encuentro marc\u00f3 realineamiento de Argentina como aliado regional del pa\u00eds del norte<\/strong><\/em><\/p>\n<p>&nbsp;<\/p>\n<p>&nbsp;<\/p>\n<p>&nbsp;<\/p>\n<p>&nbsp;<\/p>\n<p>En el marco del encuentro bilateral que llevaron a cabo en la Casa Blanca, ambos jefes de Estado manifestaron a trav\u00e9s de un comunicado conjunto su &#8220;fuerte preocupaci\u00f3n por la deteriorada situaci\u00f3n en Venezuela&#8221;.<\/p>\n<p>&nbsp;<\/p>\n<p>&#8220;Ambos l\u00edderes acordaron trabajar estrechamente para preservar las instituciones democr\u00e1ticas en ese pa\u00eds&#8221;, manifestaron en el texto difundido por ambos gobiernos.<\/p>\n<p>&nbsp;<\/p>\n<p>Durante un breve contacto con la prensa en el Sal\u00f3n Oval, el magnate asegur\u00f3 que estaba &#8220;muy triste&#8221; por la situaci\u00f3n en la naci\u00f3n caribe\u00f1a, que en las \u00faltimas semanas estuvo marcada por decenas de muertos durante marchas opositoras.<\/p>\n<p>&nbsp;<\/p>\n<p>Por su parte, el l\u00edder de PRO se pronunci\u00f3 sobre el Gobierno de Maduro durante una charla que brind\u00f3 en el Centro de Estudios Estrat\u00e9gicos e Internacionales en la ciudad de Washington.<\/p>\n<p>&nbsp;<\/p>\n<p>&#8220;Cuando por primera vez tom\u00e9 contacto sobre este tema me dijeron que la cosa no pod\u00eda empeorar. Pero el tiempo pas\u00f3 y las cosas empeoraron. En Venezuela no se tiene ning\u00fan respeto por los derechos humanos, eso no es una democracia, hay presos pol\u00edticos, no se est\u00e1 respetando la independencia del Congreso&#8221;, se quej\u00f3 Macri.<\/p>\n<p>&nbsp;<\/p>\n<p>Y agreg\u00f3: &#8220;Tenemos que seguir exigiendo elecciones, la liberaci\u00f3n de los presos pol\u00edticos&#8221;.<\/p>\n<p>&nbsp;<\/p>\n<p>Respecto de la visi\u00f3n regional de la situaci\u00f3n venezolana, el Presidente remarc\u00f3 que lo &#8220;alegra mucho que se haya logrado un acuerdo en el seno del Mercosur para expresar eso justamente&#8221; y que &#8220;ahora con la OEA tambi\u00e9n se ha emitido una declaraci\u00f3n en ese sentido&#8221;.<\/p>\n<p>&nbsp;<\/p>\n<p>Los mandatarios firmaron una declaraci\u00f3n conjunta luego del encuentro en la Casa Blanca, en la que coincidieron en reforzar la relaci\u00f3n bilateral, los v\u00ednculos comerciales y la cooperaci\u00f3n en diferentes \u00e1reas.<\/p>\n<p>&nbsp;<\/p>\n<p>En relaci\u00f3n al reclamo argentino por las restricciones a la exportaci\u00f3n de limones a Estados Unidos, el documento se\u00f1ala: &#8220;se instruy\u00f3 a los Gabinetes de ambos pa\u00edses para que tracen de manera expeditiva un camino hacia la resoluci\u00f3n de cuestiones agr\u00edcolas bilaterales de acuerdo con principios cient\u00edficos y est\u00e1ndares internacionales&#8221;. La menci\u00f3n est\u00e1 alejada de las expectativas generadas por la delegaci\u00f3n argentina.<\/p>\n<p>&nbsp;<\/p>\n<p>Tambi\u00e9n comprometieron &#8220;fortalecer la relaci\u00f3n para combatir el tr\u00e1fico de drogas, el lavado de dinero, el financiamiento del terrorismo, la corrupci\u00f3n y otras actividades financieras il\u00edcitas&#8221; y lanzaron un grupo de trabajo contra el ciberdelito.<\/p>\n","protected":false},"excerpt":{"rendered":"<p>El presidente Mauricio Macri y su par de Estados Unidos, Donald Trump, coincidieron en sus cr\u00edticas al mandatario venezolano, Nicol\u00e1s Maduro, y acordaron &#8220;trabajar estrechamente para preservar las instituciones democr\u00e1ticas&#8221; en el pa\u00eds caribe\u00f1o. El ansiado (en especial para el Gobierno argentino) encuentro marc\u00f3 realineamiento de Argentina como aliado regional del pa\u00eds del norte &nbsp; &nbsp; &nbsp; &nbsp; En el marco del encuentro bilateral que llevaron a cabo en la Casa Blanca, ambos jefes de Estado manifestaron a trav\u00e9s de un comunicado conjunto su &#8220;fuerte preocupaci\u00f3n por la deteriorada situaci\u00f3n&#8230;<\/p>\n","protected":false},"author":3,"featured_media":10763,"comment_status":"closed","ping_status":"closed","sticky":false,"template":"","format":"standard","meta":[],"categories":[18],"tags":[],"_links":{"self":[{"href":"https:\/\/www.actualidadadiario.com\/index.php\/wp-json\/wp\/v2\/posts\/10762"}],"collection":[{"href":"https:\/\/www.actualidadadiario.com\/index.php\/wp-json\/wp\/v2\/posts"}],"about":[{"href":"https:\/\/www.actualidadadiario.com\/index.php\/wp-json\/wp\/v2\/types\/post"}],"author":[{"embeddable":true,"href":"https:\/\/www.actualidadadiario.com\/index.php\/wp-json\/wp\/v2\/users\/3"}],"replies":[{"embeddable":true,"href":"https:\/\/www.actualidadadiario.com\/index.php\/wp-json\/wp\/v2\/comments?post=10762"}],"version-history":[{"count":1,"href":"https:\/\/www.actualidadadiario.com\/index.php\/wp-json\/wp\/v2\/posts\/10762\/revisions"}],"predecessor-version":[{"id":10764,"href":"https:\/\/www.actualidadadiario.com\/index.php\/wp-json\/wp\/v2\/posts\/10762\/revisions\/10764"}],"wp:featuredmedia":[{"embeddable":true,"href":"https:\/\/www.actualidadadiario.com\/index.php\/wp-json\/wp\/v2\/media\/10763"}],"wp:attachment":[{"href":"https:\/\/www.actualidadadiario.com\/index.php\/wp-json\/wp\/v2\/media?parent=10762"}],"wp:term":[{"taxonomy":"category","embeddable":true,"href":"https:\/\/www.actualidadadiario.com\/index.php\/wp-json\/wp\/v2\/categories?post=10762"},{"taxonomy":"post_tag","embeddable":true,"href":"https:\/\/www.actualidadadiario.com\/index.php\/wp-json\/wp\/v2\/tags?post=10762"}],"curies":[{"name":"wp","href":"https:\/\/api.w.org\/{rel}","templated":true}]}}