{"id":10756,"date":"2017-04-28T09:41:51","date_gmt":"2017-04-28T12:41:51","guid":{"rendered":"http:\/\/actualidadadiario.com\/site\/?p=10756"},"modified":"2017-04-28T09:41:51","modified_gmt":"2017-04-28T12:41:51","slug":"tras-las-inundaciones-nacion-auxiliara-a-chubut-con-mas-de-20-millones","status":"publish","type":"post","link":"https:\/\/www.actualidadadiario.com\/index.php\/2017\/04\/28\/tras-las-inundaciones-nacion-auxiliara-a-chubut-con-mas-de-20-millones\/","title":{"rendered":"Tras las inundaciones, Naci\u00f3n auxiliar\u00e1 a Chubut con m\u00e1s de $20 millones"},"content":{"rendered":"<p><em><strong>El ministro de Educaci\u00f3n y Deportes Esteban Bullrich anunci\u00f3 el env\u00edo de $20.400 millones en concepto de apoyo econ\u00f3mico para Chubut luego de las inundaciones que afectaron a miles de habitantes de esa provincia<\/strong><\/em><\/p>\n<p>&nbsp;<\/p>\n<p>&nbsp;<\/p>\n<p>&nbsp;<\/p>\n<p>&nbsp;<\/p>\n<p>La ayuda financiera se oficializ\u00f3 durante una reuni\u00f3n que mantuvo Bullrich con su par chubutense, Gustavo Cast\u00e1n, en el Palacio Sarmiento. El dinero ser\u00e1 destinado a la reparaci\u00f3n de escuelas y clubes de barrio afectados por el intenso temporal que azot\u00f3 a la provincia.<\/p>\n<p>&nbsp;<\/p>\n<p>En la reuni\u00f3n estuvieron presentes el secretario de Gesti\u00f3n Educativa de la Naci\u00f3n, Max Gulmanelli, y el director general de administraci\u00f3n y gesti\u00f3n financiera del Ministerio, Juan Pablo Pal\u00e9.<\/p>\n<p>&nbsp;<\/p>\n<p>Estos fondos destinados a la provincia de Chubut conlleva un trabajo coordinado entre el Ministerio de Educaci\u00f3n y Deportes de la Naci\u00f3n y el Ministerio provincial, seg\u00fan anunci\u00f3 el Gobierno.<\/p>\n","protected":false},"excerpt":{"rendered":"<p>El ministro de Educaci\u00f3n y Deportes Esteban Bullrich anunci\u00f3 el env\u00edo de $20.400 millones en concepto de apoyo econ\u00f3mico para Chubut luego de las inundaciones que afectaron a miles de habitantes de esa provincia &nbsp; &nbsp; &nbsp; &nbsp; La ayuda financiera se oficializ\u00f3 durante una reuni\u00f3n que mantuvo Bullrich con su par chubutense, Gustavo Cast\u00e1n, en el Palacio Sarmiento. El dinero ser\u00e1 destinado a la reparaci\u00f3n de escuelas y clubes de barrio afectados por el intenso temporal que azot\u00f3 a la provincia. &nbsp; En la reuni\u00f3n estuvieron presentes el secretario&#8230;<\/p>\n","protected":false},"author":3,"featured_media":10757,"comment_status":"closed","ping_status":"closed","sticky":false,"template":"","format":"standard","meta":[],"categories":[2],"tags":[],"_links":{"self":[{"href":"https:\/\/www.actualidadadiario.com\/index.php\/wp-json\/wp\/v2\/posts\/10756"}],"collection":[{"href":"https:\/\/www.actualidadadiario.com\/index.php\/wp-json\/wp\/v2\/posts"}],"about":[{"href":"https:\/\/www.actualidadadiario.com\/index.php\/wp-json\/wp\/v2\/types\/post"}],"author":[{"embeddable":true,"href":"https:\/\/www.actualidadadiario.com\/index.php\/wp-json\/wp\/v2\/users\/3"}],"replies":[{"embeddable":true,"href":"https:\/\/www.actualidadadiario.com\/index.php\/wp-json\/wp\/v2\/comments?post=10756"}],"version-history":[{"count":1,"href":"https:\/\/www.actualidadadiario.com\/index.php\/wp-json\/wp\/v2\/posts\/10756\/revisions"}],"predecessor-version":[{"id":10758,"href":"https:\/\/www.actualidadadiario.com\/index.php\/wp-json\/wp\/v2\/posts\/10756\/revisions\/10758"}],"wp:featuredmedia":[{"embeddable":true,"href":"https:\/\/www.actualidadadiario.com\/index.php\/wp-json\/wp\/v2\/media\/10757"}],"wp:attachment":[{"href":"https:\/\/www.actualidadadiario.com\/index.php\/wp-json\/wp\/v2\/media?parent=10756"}],"wp:term":[{"taxonomy":"category","embeddable":true,"href":"https:\/\/www.actualidadadiario.com\/index.php\/wp-json\/wp\/v2\/categories?post=10756"},{"taxonomy":"post_tag","embeddable":true,"href":"https:\/\/www.actualidadadiario.com\/index.php\/wp-json\/wp\/v2\/tags?post=10756"}],"curies":[{"name":"wp","href":"https:\/\/api.w.org\/{rel}","templated":true}]}}