{"id":10750,"date":"2017-04-28T09:40:21","date_gmt":"2017-04-28T12:40:21","guid":{"rendered":"http:\/\/actualidadadiario.com\/site\/?p=10750"},"modified":"2017-04-28T09:40:21","modified_gmt":"2017-04-28T12:40:21","slug":"santa-cruz-aceptan-derogar-ley-de-lemas-para-destrabar-fondos","status":"publish","type":"post","link":"https:\/\/www.actualidadadiario.com\/index.php\/2017\/04\/28\/santa-cruz-aceptan-derogar-ley-de-lemas-para-destrabar-fondos\/","title":{"rendered":"Santa Cruz: aceptan derogar ley de lemas para destrabar fondos"},"content":{"rendered":"<p><em><strong>En medio de la ola de protestas por las demoras salariales, la asfixiada administraci\u00f3n de Alicia Kirchner (FpV) debi\u00f3 encajarse en los condicionamientos de la Casa Rosada para encarrilar la crisis local. Oposici\u00f3n provincial jugar\u00e1 un rol clave<\/strong><\/em><\/p>\n<p>&nbsp;<\/p>\n<p>&nbsp;<\/p>\n<p>&nbsp;<\/p>\n<p>Con el tenso tel\u00f3n de fondo de un nuevo d\u00eda de paros y otra marcha masiva en Santa Cruz, la administraci\u00f3n de Alicia Kirchner (FpV) se comprometi\u00f3 ayer ante el Gobierno de Mauricio Macri -a manera de &#8220;preacuerdo&#8221;- a avanzar en la eliminaci\u00f3n de la pol\u00e9mica Ley de Lemas, la herramienta que permiti\u00f3 la perpetuaci\u00f3n en el poder del kirchnerismo desde 1991 y que habilit\u00f3 a la unci\u00f3n de la mandataria en 2015 pese a que el candidato m\u00e1s votado fue el radical Eduardo Costa.<\/p>\n<p>&nbsp;<\/p>\n<p>Se trata en rigor de una de las exigencias que deber\u00e1 respetar el Ejecutivo santacruce\u00f1o -en pos de mejoras institucionales- si es que pretende acceder a una asistencia financiera amplia de Naci\u00f3n para un distrito paralizado por las protestas y que no complet\u00f3 a\u00fan el pago de los sueldos de marzo.<\/p>\n<p>&nbsp;<\/p>\n<p>De una reuni\u00f3n desplegada ayer en la Ciudad de Buenos Aires entre funcionarios nacionales y provinciales emanaron dos movidas clave, atadas en rigor entre s\u00ed:<\/p>\n<p>&nbsp;<\/p>\n<p>El Gobierno nacional convocar\u00e1 a una mesa de di\u00e1logo que reunir\u00e1 a todas las fuerzas pol\u00edticas de Santa Cruz. All\u00ed se debatir\u00e1 la forma de avanzar en el fin de la Ley de Lemas y tambi\u00e9n de la espinosa figura de la reelecci\u00f3n indefinida, adem\u00e1s de dise\u00f1ar un nuevo esquema de coparticipaci\u00f3n a municipios. En ese \u00e1mbito tambi\u00e9n se analizar\u00e1n las medidas que tendr\u00e1 que desplegar la gesti\u00f3n del FpV para domar el rojo local.<\/p>\n<p>&nbsp;<\/p>\n<p>Pero adem\u00e1s el Ejecutivo provincial deber\u00e1 elevar hoy a Naci\u00f3n un plan de adecuaci\u00f3n gradual para controlar el desmadrado d\u00e9ficit fiscal, que este a\u00f1o escalar\u00e1 a $5.700 millones, en pos de arribar al equilibrio en 2019, un punto que le exigen a todas las provincias y a la Casa Rosada.<\/p>\n<p>&nbsp;<\/p>\n<p>En un movimiento de pinzas que deja poco margen de acci\u00f3n a la gobernadora, s\u00f3lo si ese paquete de medidas de hoy es considerado viable por el Gobierno de Macri ser\u00e1 entonces convocada la mesa de di\u00e1logo nacional-ser\u00eda la semana pr\u00f3xima- y all\u00ed tambi\u00e9n se discutir\u00e1 la factibilidad de esa estrategia de control del gasto.<\/p>\n<p>&nbsp;<\/p>\n<p>En un segundo cap\u00edtulo, entonces, reci\u00e9n despu\u00e9s del gui\u00f1o de todas las fuerzas pol\u00edticas -el kirchnerista FpV, el PJ y Uni\u00f3n para Vivir Mejor, que lidera la UCR y que incluye al PRO, Encuentro Ciudadano y al FR- se destrabar\u00e1n los avales para la ansiada asistencia financiera, incluido un pr\u00e9stamo inmediato del Banco Naci\u00f3n -por entre $750 millones y $900 millones- y la colocaci\u00f3n de un bono por u$s350 millones.<\/p>\n<p>&nbsp;<\/p>\n<p>&#8220;Se comprometieron a convocar a la mesa de di\u00e1logo con acuerdo del Gobierno nacional y hay un preacuerdo para derogar la Ley de Lemas&#8221;, sostuvieron anoche desde despachos nacionales a \u00c1mbito Financiero.<\/p>\n<p>&nbsp;<\/p>\n<p>Los avances se registraron en un encuentro desarrollado ayer en el exedificio BANADE y que tuvo como anfitri\u00f3n al secretario de Provincias del Ministerio del Interior, Alejandro Caldarelli, quien recibi\u00f3 a los ministros de Hacienda, Juan Donnini, y de Producci\u00f3n, Leonardo Alvarez.<\/p>\n<p>&nbsp;<\/p>\n<p>En los \u00faltimos d\u00edas, desde el Gobierno santacruce\u00f1o dejaron en claro que no avalan ni despidos en la planta de estatales ni retoques en el sistema previsional. Ambos puntos ser\u00e1n ahora parte de la discusi\u00f3n en la mesa de di\u00e1logo.<\/p>\n<p>&nbsp;<\/p>\n<p>&nbsp;<\/p>\n<p>&nbsp;<\/p>\n<p><strong>Embestida<\/strong><\/p>\n<p>En paralelo a las gestiones en Buenos Aires, en tierra santacruce\u00f1a se desarroll\u00f3 ayer una nueva embestida contra el retraso en el pago de sueldos y la falta de recomposici\u00f3n salarial, de la mano de un paro de 48 horas y de otra fuerte movilizaci\u00f3n en R\u00edo Gallegos, que desemboc\u00f3 en la C\u00e1mara de Diputados, donde entregaron un petitorio a un grupo de legisladores de Uni\u00f3n para Vivir Mejor.<\/p>\n<p>&nbsp;<\/p>\n<p>Anoche, en tanto, se inici\u00f3 un incendio en el Tribunal de Cuentas, cuyo origen se investigaba.<\/p>\n<p>&nbsp;<\/p>\n<p>Seg\u00fan la UCR local se trat\u00f3 de un &#8220;mensaje mafioso&#8221; por resultar alcanzada por las llamas la oficina del vocal por la minor\u00eda Alejandro Stoessel, quien acaba de denunciar al concu\u00f1ado de M\u00e1ximo Kirchner, Marcelo Bersanelli, por supuestas contrataciones directas por casi $40 millones en nombre del Ministerio de Salud que conduce Roc\u00edo Garc\u00eda, esposa de M\u00e1ximo.<\/p>\n<p>&nbsp;<\/p>\n<p>La marcha de miles de personas -en reclamo de &#8220;salarios, educaci\u00f3n, salud y justicia&#8221;- fue impulsada inicialmente desde una asamblea p\u00fablica ciudadana, a la que se sumaron gremios de los docentes, judiciales, trabajadores de la salud y estatales, nucleados en la Central de Trabajadores Argentinos Aut\u00f3noma. Por su parte, mostr\u00f3 su adhesi\u00f3n el comercio con el cierre de las puertas de supermercados.<\/p>\n<p>&nbsp;<\/p>\n<p>En tanto, para hoy est\u00e1 previsto un corte de ruta entre las 6 y las 14, en lugar a definir, motorizado por padres desconsolados por un ciclo lectivo 2017 que virtualmente no arranc\u00f3 y ya acumula m\u00e1s de 30 d\u00edas de huelga.<\/p>\n","protected":false},"excerpt":{"rendered":"<p>En medio de la ola de protestas por las demoras salariales, la asfixiada administraci\u00f3n de Alicia Kirchner (FpV) debi\u00f3 encajarse en los condicionamientos de la Casa Rosada para encarrilar la crisis local. Oposici\u00f3n provincial jugar\u00e1 un rol clave &nbsp; &nbsp; &nbsp; Con el tenso tel\u00f3n de fondo de un nuevo d\u00eda de paros y otra marcha masiva en Santa Cruz, la administraci\u00f3n de Alicia Kirchner (FpV) se comprometi\u00f3 ayer ante el Gobierno de Mauricio Macri -a manera de &#8220;preacuerdo&#8221;- a avanzar en la eliminaci\u00f3n de la pol\u00e9mica Ley de Lemas,&#8230;<\/p>\n","protected":false},"author":3,"featured_media":10751,"comment_status":"closed","ping_status":"closed","sticky":false,"template":"","format":"standard","meta":[],"categories":[2],"tags":[],"_links":{"self":[{"href":"https:\/\/www.actualidadadiario.com\/index.php\/wp-json\/wp\/v2\/posts\/10750"}],"collection":[{"href":"https:\/\/www.actualidadadiario.com\/index.php\/wp-json\/wp\/v2\/posts"}],"about":[{"href":"https:\/\/www.actualidadadiario.com\/index.php\/wp-json\/wp\/v2\/types\/post"}],"author":[{"embeddable":true,"href":"https:\/\/www.actualidadadiario.com\/index.php\/wp-json\/wp\/v2\/users\/3"}],"replies":[{"embeddable":true,"href":"https:\/\/www.actualidadadiario.com\/index.php\/wp-json\/wp\/v2\/comments?post=10750"}],"version-history":[{"count":1,"href":"https:\/\/www.actualidadadiario.com\/index.php\/wp-json\/wp\/v2\/posts\/10750\/revisions"}],"predecessor-version":[{"id":10752,"href":"https:\/\/www.actualidadadiario.com\/index.php\/wp-json\/wp\/v2\/posts\/10750\/revisions\/10752"}],"wp:featuredmedia":[{"embeddable":true,"href":"https:\/\/www.actualidadadiario.com\/index.php\/wp-json\/wp\/v2\/media\/10751"}],"wp:attachment":[{"href":"https:\/\/www.actualidadadiario.com\/index.php\/wp-json\/wp\/v2\/media?parent=10750"}],"wp:term":[{"taxonomy":"category","embeddable":true,"href":"https:\/\/www.actualidadadiario.com\/index.php\/wp-json\/wp\/v2\/categories?post=10750"},{"taxonomy":"post_tag","embeddable":true,"href":"https:\/\/www.actualidadadiario.com\/index.php\/wp-json\/wp\/v2\/tags?post=10750"}],"curies":[{"name":"wp","href":"https:\/\/api.w.org\/{rel}","templated":true}]}}