{"id":10742,"date":"2017-04-28T09:37:08","date_gmt":"2017-04-28T12:37:08","guid":{"rendered":"http:\/\/actualidadadiario.com\/site\/?p=10742"},"modified":"2017-04-28T09:37:08","modified_gmt":"2017-04-28T12:37:08","slug":"repudian-los-despidos-en-diario-uno","status":"publish","type":"post","link":"https:\/\/www.actualidadadiario.com\/index.php\/2017\/04\/28\/repudian-los-despidos-en-diario-uno\/","title":{"rendered":"Repudian los despidos en diario UNO"},"content":{"rendered":"<p><em><strong>Desde el Setpyc, filial de Fatpren, se solidarizaron con los afectados y se ratific\u00f3 el estado de \u201calerta lucha para enfrentar a empresarios que ven en los trabajadores a la variable de ajuste\u201d<\/strong><\/em><\/p>\n<p>&nbsp;<\/p>\n<p>&nbsp;<\/p>\n<p>&nbsp;<\/p>\n<p>Desde el Sindicato Entrerriano de Trabajadores de Prensa y Comunicaci\u00f3n (Setpyc) expresaron \u201cun en\u00e9rgico repudio ante el despido de seis trabajadores del diario Uno de Entre R\u00edos\u201d y se exigi\u00f3 \u201cla inmediata reincorporaci\u00f3n\u201d.<\/p>\n<p>&nbsp;<\/p>\n<p>\u201cEste nuevo atropello contra los trabajadores de los medios representa un avance de la expresi\u00f3n salvaje del capitalismo que exhibe a los trabajadores como variable de ajuste, que se suma al despido de cuatro trabajadores de Canal 9 Litoral, la precarizaci\u00f3n de la relaci\u00f3n laboral en una gran cantidad de medios y el atraso en el pago de salarios\u201d, sostuvo la entidad gremial que aglutina a comunicadores.<\/p>\n<p>&nbsp;<\/p>\n<p>En un documento se afirm\u00f3 que \u201cno caben dudas de que los despidos y la precarizaci\u00f3n laboral constituyen acciones de amedrentamiento al conjunto de trabajadores en la pretensi\u00f3n de imponer un modelo neoliberal, donde imperan el ajuste y la inflaci\u00f3n\u201d.<\/p>\n<p>&nbsp;<\/p>\n<p>\u201cEsta decisi\u00f3n adoptada por el diario Uno de Entre R\u00edos significa un atropello para todos los trabajadores de prensa, m\u00e1s all\u00e1 de las identidades pol\u00edticas, la historia de cada uno o la pertenencia a una u otra entidad sindical\u201d, dice el texto.<\/p>\n<p>&nbsp;<\/p>\n<p>Desde el Setpyc, filial de Fatpren, se solidarizaron con los afectados y se ratific\u00f3 el estado de \u201calerta lucha para enfrentar a empresarios que ven en los trabajadores a la variable de ajuste\u201d.<\/p>\n","protected":false},"excerpt":{"rendered":"<p>Desde el Setpyc, filial de Fatpren, se solidarizaron con los afectados y se ratific\u00f3 el estado de \u201calerta lucha para enfrentar a empresarios que ven en los trabajadores a la variable de ajuste\u201d &nbsp; &nbsp; &nbsp; Desde el Sindicato Entrerriano de Trabajadores de Prensa y Comunicaci\u00f3n (Setpyc) expresaron \u201cun en\u00e9rgico repudio ante el despido de seis trabajadores del diario Uno de Entre R\u00edos\u201d y se exigi\u00f3 \u201cla inmediata reincorporaci\u00f3n\u201d. &nbsp; \u201cEste nuevo atropello contra los trabajadores de los medios representa un avance de la expresi\u00f3n salvaje del capitalismo que exhibe&#8230;<\/p>\n","protected":false},"author":3,"featured_media":10743,"comment_status":"closed","ping_status":"closed","sticky":false,"template":"","format":"standard","meta":[],"categories":[15],"tags":[],"_links":{"self":[{"href":"https:\/\/www.actualidadadiario.com\/index.php\/wp-json\/wp\/v2\/posts\/10742"}],"collection":[{"href":"https:\/\/www.actualidadadiario.com\/index.php\/wp-json\/wp\/v2\/posts"}],"about":[{"href":"https:\/\/www.actualidadadiario.com\/index.php\/wp-json\/wp\/v2\/types\/post"}],"author":[{"embeddable":true,"href":"https:\/\/www.actualidadadiario.com\/index.php\/wp-json\/wp\/v2\/users\/3"}],"replies":[{"embeddable":true,"href":"https:\/\/www.actualidadadiario.com\/index.php\/wp-json\/wp\/v2\/comments?post=10742"}],"version-history":[{"count":1,"href":"https:\/\/www.actualidadadiario.com\/index.php\/wp-json\/wp\/v2\/posts\/10742\/revisions"}],"predecessor-version":[{"id":10744,"href":"https:\/\/www.actualidadadiario.com\/index.php\/wp-json\/wp\/v2\/posts\/10742\/revisions\/10744"}],"wp:featuredmedia":[{"embeddable":true,"href":"https:\/\/www.actualidadadiario.com\/index.php\/wp-json\/wp\/v2\/media\/10743"}],"wp:attachment":[{"href":"https:\/\/www.actualidadadiario.com\/index.php\/wp-json\/wp\/v2\/media?parent=10742"}],"wp:term":[{"taxonomy":"category","embeddable":true,"href":"https:\/\/www.actualidadadiario.com\/index.php\/wp-json\/wp\/v2\/categories?post=10742"},{"taxonomy":"post_tag","embeddable":true,"href":"https:\/\/www.actualidadadiario.com\/index.php\/wp-json\/wp\/v2\/tags?post=10742"}],"curies":[{"name":"wp","href":"https:\/\/api.w.org\/{rel}","templated":true}]}}