{"id":10739,"date":"2017-04-28T09:36:29","date_gmt":"2017-04-28T12:36:29","guid":{"rendered":"http:\/\/actualidadadiario.com\/site\/?p=10739"},"modified":"2017-04-28T09:36:29","modified_gmt":"2017-04-28T12:36:29","slug":"diputados-fueron-a-la-asamblea-de-trabajadores-del-iapv","status":"publish","type":"post","link":"https:\/\/www.actualidadadiario.com\/index.php\/2017\/04\/28\/diputados-fueron-a-la-asamblea-de-trabajadores-del-iapv\/","title":{"rendered":"Diputados fueron a la asamblea de trabajadores del IAPV"},"content":{"rendered":"<p><em><strong>Legisladores expresaron su rechazo al intento del gobierno nacional de modificar la distribuci\u00f3n de los fondos espec\u00edficos para las viviendas sociales<\/strong><\/em><\/p>\n<p>&nbsp;<\/p>\n<p>&nbsp;<\/p>\n<p>&nbsp;<\/p>\n<p>Diputados provinciales y referentes de distintos espacios pol\u00edticos se hicieron presentes en la asamblea de trabajadores del Instituto Aut\u00e1rquico de Planeamiento y Vivienda (IAPV). Expresaron su rechazo al intento del gobierno nacional de modificar la distribuci\u00f3n de los fondos espec\u00edficos para las viviendas sociales, as\u00ed como tambi\u00e9n la modificaci\u00f3n de los programas de construcci\u00f3n de viviendas.<\/p>\n<p>&#8220;Ante la invitaci\u00f3n de los trabajadores del IAPV nos reunimos con los sindicatos y diferentes organizaciones sociales de la ciudad de Paran\u00e1, quienes nos manifestaron su preocupaci\u00f3n por las pol\u00edticas implementadas por el gobierno nacional que conllevan hacia el vaciamiento del instituto provincial de la vivienda&#8221;, expres\u00f3 al t\u00e9rmino del encuentro el presidente del bloque del Frente Para la Victoria en Diputados, Juan Jos\u00e9 Bahillo, quien se hizo presente acompa\u00f1ado por su par, Pedro B\u00e1ez.<\/p>\n<p>&nbsp;<\/p>\n<p>Durante el encuentro coincidimos en que &#8220;esas decisiones, tomadas en el marco de la resoluci\u00f3n N\u00b0 122 del Ministerio de Obras P\u00fablicas de la Naci\u00f3n, significan la suspensi\u00f3n y\/o modificaci\u00f3n de los programas de construcci\u00f3n de viviendas. Aparecen los nuevos programas que -centralmente bancarizan al sistema de construcci\u00f3n de viviendas- y est\u00e1n destinados al fracaso por la ausencia del Estado&#8221;.<\/p>\n<p>&nbsp;<\/p>\n<p>En tanto, para B\u00e1ez &#8220;hay claramente por parte del gobierno nacional una verdadero programa de desarticulaci\u00f3n y debilitamiento de todo lo p\u00fablico. Como alguna vez dijera un ministro de Menem, &#8216;nada de lo que deba ser estatal deber\u00e1 quedar en manos del estado'&#8221;.<\/p>\n<p>&nbsp;<\/p>\n<p>&#8220;Un tr\u00e1gico endeudamiento, bicicleta financiera, destrucci\u00f3n de la industria nacional y desaparici\u00f3n de los derechos y conquistas populares son eslabones de una cadena en la que tambi\u00e9n se ven afectadas las pol\u00edticas habitacionales que afectar\u00e1n las posibilidades de una mejor futuro a miles de argentinos y entrerrianos, a la vez que ponen en riesgo las fuentes de trabajo de la industria de la construcci\u00f3n y sumerge en un mar de inquietudes a los entes oficiales de viviendas sociales&#8221;, remarc\u00f3 el legislador de Paran\u00e1.<\/p>\n<p>&nbsp;<\/p>\n<p>&#8220;Esto tiene varias consecuencias negativas&#8221;, continu\u00f3 Bahillo, y detall\u00f3: &#8220;Falta de soluciones habitacionales para las familias entrerrianas, la modalidad de asociativismo entre las instituciones intermedias, sindicatos, organizaciones sociales y el Estado para hacer viviendas (como se hizo en los \u00faltimos a\u00f1os) tampoco va a ser posible. Han prohibido llevar adelante esta modalidad. Se tiene que realizar, a trav\u00e9s de entidades financieras, constituyendo fidecomiso, entre otras cuestiones&#8221;.<\/p>\n<p>&nbsp;<\/p>\n<p>Sin embargo, &#8220;lo principal es que no habr\u00e1 respuesta para las familias entrerrianas; desaparecer\u00e1n las fuentes de trabajo para los empleados de IAPV; existir\u00e1 la falta de actividad econ\u00f3mica y de ocupaci\u00f3n de mano de obra de la construcci\u00f3n. No hay recursos para concretar una pol\u00edtica de vivienda real, transformadora que beneficie a los entrerrianos&#8221;, concluy\u00f3 el diputado de Gualeguaych\u00fa.<\/p>\n","protected":false},"excerpt":{"rendered":"<p>Legisladores expresaron su rechazo al intento del gobierno nacional de modificar la distribuci\u00f3n de los fondos espec\u00edficos para las viviendas sociales &nbsp; &nbsp; &nbsp; Diputados provinciales y referentes de distintos espacios pol\u00edticos se hicieron presentes en la asamblea de trabajadores del Instituto Aut\u00e1rquico de Planeamiento y Vivienda (IAPV). Expresaron su rechazo al intento del gobierno nacional de modificar la distribuci\u00f3n de los fondos espec\u00edficos para las viviendas sociales, as\u00ed como tambi\u00e9n la modificaci\u00f3n de los programas de construcci\u00f3n de viviendas. &#8220;Ante la invitaci\u00f3n de los trabajadores del IAPV nos reunimos&#8230;<\/p>\n","protected":false},"author":3,"featured_media":10740,"comment_status":"closed","ping_status":"closed","sticky":false,"template":"","format":"standard","meta":[],"categories":[15],"tags":[],"_links":{"self":[{"href":"https:\/\/www.actualidadadiario.com\/index.php\/wp-json\/wp\/v2\/posts\/10739"}],"collection":[{"href":"https:\/\/www.actualidadadiario.com\/index.php\/wp-json\/wp\/v2\/posts"}],"about":[{"href":"https:\/\/www.actualidadadiario.com\/index.php\/wp-json\/wp\/v2\/types\/post"}],"author":[{"embeddable":true,"href":"https:\/\/www.actualidadadiario.com\/index.php\/wp-json\/wp\/v2\/users\/3"}],"replies":[{"embeddable":true,"href":"https:\/\/www.actualidadadiario.com\/index.php\/wp-json\/wp\/v2\/comments?post=10739"}],"version-history":[{"count":1,"href":"https:\/\/www.actualidadadiario.com\/index.php\/wp-json\/wp\/v2\/posts\/10739\/revisions"}],"predecessor-version":[{"id":10741,"href":"https:\/\/www.actualidadadiario.com\/index.php\/wp-json\/wp\/v2\/posts\/10739\/revisions\/10741"}],"wp:featuredmedia":[{"embeddable":true,"href":"https:\/\/www.actualidadadiario.com\/index.php\/wp-json\/wp\/v2\/media\/10740"}],"wp:attachment":[{"href":"https:\/\/www.actualidadadiario.com\/index.php\/wp-json\/wp\/v2\/media?parent=10739"}],"wp:term":[{"taxonomy":"category","embeddable":true,"href":"https:\/\/www.actualidadadiario.com\/index.php\/wp-json\/wp\/v2\/categories?post=10739"},{"taxonomy":"post_tag","embeddable":true,"href":"https:\/\/www.actualidadadiario.com\/index.php\/wp-json\/wp\/v2\/tags?post=10739"}],"curies":[{"name":"wp","href":"https:\/\/api.w.org\/{rel}","templated":true}]}}