{"id":10737,"date":"2017-04-28T09:35:50","date_gmt":"2017-04-28T12:35:50","guid":{"rendered":"http:\/\/actualidadadiario.com\/site\/?p=10737"},"modified":"2017-04-28T09:35:50","modified_gmt":"2017-04-28T12:35:50","slug":"aumento-a-jubilados-provinciales-que-sectores-lo-perciben-con-el-cobro-de-abril","status":"publish","type":"post","link":"https:\/\/www.actualidadadiario.com\/index.php\/2017\/04\/28\/aumento-a-jubilados-provinciales-que-sectores-lo-perciben-con-el-cobro-de-abril\/","title":{"rendered":"Aumento a jubilados provinciales: qu\u00e9 sectores lo perciben con el cobro de abril"},"content":{"rendered":"<p><em><strong>Con el cobro de abril, y retroactivo a marzo, percibir\u00e1n el aumento otorgado por el Gobierno de la provincia, distintos sectores de jubilados. As\u00ed lo confirm\u00f3 el presidente de la Caja de Jubilaciones, Daniel El\u00edas<\/strong><\/em><\/p>\n<p>&nbsp;<\/p>\n<p>&nbsp;<\/p>\n<p>&nbsp;<\/p>\n<p>Tras los aumentos otorgados por el Gobierno a los trabajadores de la Administraci\u00f3n P\u00fablica y entes provinciales, los pasivos de distintos sectores comenzar\u00e1n a percibir el incremento en sus haberes de abril, que ser\u00e1 retroactivo a marzo; de acuerdo a lo indicado a Elonce.com, por el Presidente de la Caja de Jubilaciones y Pensiones de la provincia, Daniel El\u00edas.<\/p>\n<p>&nbsp;<\/p>\n<p>Al incremento lo percibir\u00e1n &#8220;los jubilados provinciales de escalaf\u00f3n general, seguridad, enfermer\u00eda, autoridades superiores, Contadur\u00eda General, Carrera M\u00e9dico asistencial, ATER, Iafas, Aut\u00f3nomos, docentes, y un n\u00famero importante de municipios, entre los que est\u00e1n incluidos los jubilados de la comuna de Paran\u00e1&#8221;.<\/p>\n","protected":false},"excerpt":{"rendered":"<p>Con el cobro de abril, y retroactivo a marzo, percibir\u00e1n el aumento otorgado por el Gobierno de la provincia, distintos sectores de jubilados. As\u00ed lo confirm\u00f3 el presidente de la Caja de Jubilaciones, Daniel El\u00edas &nbsp; &nbsp; &nbsp; Tras los aumentos otorgados por el Gobierno a los trabajadores de la Administraci\u00f3n P\u00fablica y entes provinciales, los pasivos de distintos sectores comenzar\u00e1n a percibir el incremento en sus haberes de abril, que ser\u00e1 retroactivo a marzo; de acuerdo a lo indicado a Elonce.com, por el Presidente de la Caja de Jubilaciones&#8230;<\/p>\n","protected":false},"author":3,"featured_media":10124,"comment_status":"closed","ping_status":"closed","sticky":false,"template":"","format":"standard","meta":[],"categories":[9,15],"tags":[],"_links":{"self":[{"href":"https:\/\/www.actualidadadiario.com\/index.php\/wp-json\/wp\/v2\/posts\/10737"}],"collection":[{"href":"https:\/\/www.actualidadadiario.com\/index.php\/wp-json\/wp\/v2\/posts"}],"about":[{"href":"https:\/\/www.actualidadadiario.com\/index.php\/wp-json\/wp\/v2\/types\/post"}],"author":[{"embeddable":true,"href":"https:\/\/www.actualidadadiario.com\/index.php\/wp-json\/wp\/v2\/users\/3"}],"replies":[{"embeddable":true,"href":"https:\/\/www.actualidadadiario.com\/index.php\/wp-json\/wp\/v2\/comments?post=10737"}],"version-history":[{"count":1,"href":"https:\/\/www.actualidadadiario.com\/index.php\/wp-json\/wp\/v2\/posts\/10737\/revisions"}],"predecessor-version":[{"id":10738,"href":"https:\/\/www.actualidadadiario.com\/index.php\/wp-json\/wp\/v2\/posts\/10737\/revisions\/10738"}],"wp:featuredmedia":[{"embeddable":true,"href":"https:\/\/www.actualidadadiario.com\/index.php\/wp-json\/wp\/v2\/media\/10124"}],"wp:attachment":[{"href":"https:\/\/www.actualidadadiario.com\/index.php\/wp-json\/wp\/v2\/media?parent=10737"}],"wp:term":[{"taxonomy":"category","embeddable":true,"href":"https:\/\/www.actualidadadiario.com\/index.php\/wp-json\/wp\/v2\/categories?post=10737"},{"taxonomy":"post_tag","embeddable":true,"href":"https:\/\/www.actualidadadiario.com\/index.php\/wp-json\/wp\/v2\/tags?post=10737"}],"curies":[{"name":"wp","href":"https:\/\/api.w.org\/{rel}","templated":true}]}}