{"id":10734,"date":"2017-04-28T09:35:06","date_gmt":"2017-04-28T12:35:06","guid":{"rendered":"http:\/\/actualidadadiario.com\/site\/?p=10734"},"modified":"2017-04-28T09:35:06","modified_gmt":"2017-04-28T12:35:06","slug":"se-lanzo-el-programa-cobijar-y-se-entregaron-fondos-por-mas-de-800-mil-pesos-en-federal","status":"publish","type":"post","link":"https:\/\/www.actualidadadiario.com\/index.php\/2017\/04\/28\/se-lanzo-el-programa-cobijar-y-se-entregaron-fondos-por-mas-de-800-mil-pesos-en-federal\/","title":{"rendered":"Se lanz\u00f3 el programa Cobijar y se entregaron fondos por m\u00e1s de 800 mil pesos en Federal"},"content":{"rendered":"<p><em><strong>El gobierno de Entre R\u00edos, a trav\u00e9s del Ministerio de Desarrollo Social, lanz\u00f3 este jueves el programa Cobijar 2017 en la ciudad de Federal. Adem\u00e1s, se hizo entrega de fondos de programas sociales y de econom\u00eda social y se firm\u00f3 convenio del programa Mil Techos. La inversi\u00f3n por parte de la provincia fue de 857 mil pesos<\/strong><\/em><\/p>\n<p>&nbsp;<\/p>\n<p>&nbsp;<\/p>\n<p>&nbsp;<\/p>\n<p>&nbsp;<\/p>\n<p>El Ministerio de Desarrollo Social lanz\u00f3 este jueves en Federal la edici\u00f3n 2017 del programa Cobijar, que busca que las personas en situaci\u00f3n de vulnerabilidad social reciban las mantas necesarias para sobrellevar el invierno. Adem\u00e1s, esta pol\u00edtica busca fortalecer la empleabilidad local y asegurar un ingreso a los integrantes de los talleres textiles y cooperativas que elaboran las frazadas para, de esta manera, lograr la inserci\u00f3n social de este sector.<\/p>\n<p>&nbsp;<\/p>\n<p>En el acto del lanzamiento del Cobijar 2017 la Ministra de Desarrollo Social, Laura Stratta, realiz\u00f3 la entrega simb\u00f3lica de frazadas del programa al presidente municipal de Federal, Gerardo Chapino.<\/p>\n<p>&nbsp;<\/p>\n<p>Seguidamente, se firm\u00f3 el convenio de colaboraci\u00f3n a trav\u00e9s del cual el municipio de Federal se compromete a realizar la compra de cobijas a las cooperativas y talleres textiles habilitados a trav\u00e9s del Registro de Efectores de la Econom\u00eda Social de Entre R\u00edos (Reeser).<\/p>\n<p>&nbsp;<\/p>\n<p>Cabe destacar que estos talleres textiles funcionan en distintos puntos de Entre R\u00edos tales como Chajar\u00ed, Aldea Eigenfeld, Concordia, Villaguay, Feliciano, Islas del Ibicuy, Villa del Rosario, Bovril y Diamante. Estos grupos de trabajo est\u00e1n conformados por mujeres emprendedoras, y son fortalecidos por la cartera social a trav\u00e9s de distintas pol\u00edticas, para que puedan continuar desarroll\u00e1ndose como emprendimientos sustentables.<\/p>\n<p>&nbsp;<\/p>\n<p>En el acto, llevado a cabo en la Casa de la Cultura de Federal, estuvieron presentes la Ministra de Desarrollo Social, Laura Stratta, el presidente municipal de la ciudad de Federal, Gerardo Chapino, junto a funcionarios municipales y concejales, y la senadora provincial por el departamento Federal, Nancy Miranda, entre otros funcionarios.<\/p>\n<p>&nbsp;<\/p>\n<p>La titular del Ministerio de Desarrollo Social, Laura Stratta, respecto del Cobijar se\u00f1al\u00f3: \u201cElegimos esta ciudad para lanzar el programa porque tenemos un sentido federal de la gesti\u00f3n, y lo hicimos en el mes de abril para que pueda abrigar a familias vulnerables de Entre R\u00edos en momentos que hace mucho fr\u00edo. Y esto es fruto de un trabajo articulado donde se fijan prioridades con el intendente, la senadora y las juntas, porque el tejido social se fortalece entre todos\u201d, asever\u00f3.<\/p>\n<p>&nbsp;<\/p>\n<p>Seguidamente, la funcionaria agreg\u00f3 \u201cla particularidad de este programa -por el Cobijar- es que lo producen manos entrerrianas, cooperativas y talleres textiles que tenemos diseminados por toda la provincia. No s\u00f3lo estamos asistiendo, sino adem\u00e1s estamos generando trabajo genuino\u201d.<\/p>\n<p>&nbsp;<\/p>\n<p>Respecto de la aplicaci\u00f3n del programa Cobijar en el territorio, el presidente municipal de Federal agradeci\u00f3 la presencia de la ministra y dem\u00e1s funcionarios y sostuvo que \u201cpara la ciudad es una ayuda enorme la de hoy y la que se viene recibiendo de parte del gobierno provincial. Hay muchas cosas que no se ven y se gestionan para la comunidad. El apoyo de hoy, de casi 900 mil pesos en total con todos los programas, es much\u00edsimo\u201d.<\/p>\n<p>&nbsp;<\/p>\n<p>Asimismo, la legisladora provincial, Nancy Miranda, indic\u00f3 que &#8220;todo lo que se ve hoy ac\u00e1 lleva un proceso, mucho trabajo que no se ve. Uno de los ministerios con los que m\u00e1s estamos en contacto es con Desarrollo Social, y contar con equipos as\u00ed, es importante\u201d.<\/p>\n<p>&nbsp;<\/p>\n<p>En esta ocasi\u00f3n, el Ministerio de Desarrollo Social entreg\u00f3 frazadas a los municipios de Federal y Conscripto Bernardi y a las juntas de gobierno de Nueva Vizcaya, Santa Luc\u00eda, Paso Duarte, Arroyo Las Tunas, Loma Limpia, Arroyo del Medio, El Cimarr\u00f3n, Distrito Diego L\u00f3pez y Banderas.<\/p>\n<p>&nbsp;<\/p>\n<p>&nbsp;<\/p>\n<p>&nbsp;<\/p>\n<p><strong>Poder Popular <\/strong><\/p>\n<p>En la oportunidad tambi\u00e9n se entregaron aportes a diferentes instituciones del departamento Federal por un monto de 280 mil pesos, en el marco del programa Poder Popular que promueve el Ministerio de Desarrollo Social. Las entidades que recibieron los fondos son: el grupo asociativo Semillitas, por su proyecto &#8220;Un ni\u00f1o haciendo deporte es un ni\u00f1o menos en la calle&#8221;; el grupo asociativo Gimnasio 25 de Mayo, por la propuesta &#8220;Un gimnasio para mi barrio\u201d; el Club Social y Deportivo Ateneo, para la iniciativa &#8220;Escuelita Integral Peque\u00f1os Canarios&#8221;; y el Club Social y Deportivo Talleres, por su proyecto &#8220;Inclusi\u00f3n a personas con discapacidad en el club&#8221;.<\/p>\n<p>&nbsp;<\/p>\n<p>&nbsp;<\/p>\n<p>&nbsp;<\/p>\n<p><strong>Econom\u00eda Social <\/strong><\/p>\n<p>Por otro lado, se otorgaron herramientas a 19 emprendedores de la econom\u00eda social de Federal por un total de 295 mil pesos, a trav\u00e9s de la l\u00ednea de acci\u00f3n Incorporaci\u00f3n de Tecnolog\u00eda. Esta pol\u00edtica permite mejorar el volumen y la calidad de producci\u00f3n de estos emprendimientos locales dedicados a rubros como artesan\u00edas, textil, talabarter\u00eda, cuchiller\u00eda, carpinter\u00eda, herrer\u00eda, panificaci\u00f3n, reposter\u00eda, entre otros.<\/p>\n<p>&nbsp;<\/p>\n<p>Adem\u00e1s, durante el acto la ministra Stratta procedi\u00f3 a la entrega de certificados a una decena de emprendedores de la econom\u00eda social, en el marco del Programa Integral de Comercializaci\u00f3n, lo que implic\u00f3 una inversi\u00f3n que supera los 280 mil pesos. Esta herramienta procura aumentar las capacidades y potencialidades de los emprendedores de la econom\u00eda social, mejorando los espacios productivos y ampliando los mecanismos de comercializaci\u00f3n.<\/p>\n<p>&nbsp;<\/p>\n<p>Ambas acciones, impulsadas por la Secretar\u00eda de Econom\u00eda Social, implican una inversi\u00f3n de m\u00e1s 575 mil pesos.<\/p>\n<p>&nbsp;<\/p>\n<p>En esta ocasi\u00f3n el gobierno provincial, a trav\u00e9s de la cartera de Desarrollo, desembols\u00f3 en Federal un total de 857 mil pesos en programas sociales.<\/p>\n<p>&nbsp;<\/p>\n<p>&nbsp;<\/p>\n<p>&nbsp;<\/p>\n<p><strong>Mil Techos <\/strong><\/p>\n<p>Adem\u00e1s, durante el acto Laura Stratta y Gerardo Chapino rubricaron el convenio del programa Mil Techos entre el Ministerio de Desarrollo Social y el municipio de Federal, que procura brindar asistencia a familias entrerrianas que residan en viviendas precarias, para permitirles mejorar la calidad de vida. Cabe destacar que el programa est\u00e1 destinado a municipios, juntas de gobierno y\/o instituciones de la sociedad civil, y funciona a trav\u00e9s de acuerdos que definen prioridades de acci\u00f3n.<\/p>\n","protected":false},"excerpt":{"rendered":"<p>El gobierno de Entre R\u00edos, a trav\u00e9s del Ministerio de Desarrollo Social, lanz\u00f3 este jueves el programa Cobijar 2017 en la ciudad de Federal. Adem\u00e1s, se hizo entrega de fondos de programas sociales y de econom\u00eda social y se firm\u00f3 convenio del programa Mil Techos. La inversi\u00f3n por parte de la provincia fue de 857 mil pesos &nbsp; &nbsp; &nbsp; &nbsp; El Ministerio de Desarrollo Social lanz\u00f3 este jueves en Federal la edici\u00f3n 2017 del programa Cobijar, que busca que las personas en situaci\u00f3n de vulnerabilidad social reciban las mantas&#8230;<\/p>\n","protected":false},"author":3,"featured_media":10735,"comment_status":"closed","ping_status":"closed","sticky":false,"template":"","format":"standard","meta":[],"categories":[15],"tags":[],"_links":{"self":[{"href":"https:\/\/www.actualidadadiario.com\/index.php\/wp-json\/wp\/v2\/posts\/10734"}],"collection":[{"href":"https:\/\/www.actualidadadiario.com\/index.php\/wp-json\/wp\/v2\/posts"}],"about":[{"href":"https:\/\/www.actualidadadiario.com\/index.php\/wp-json\/wp\/v2\/types\/post"}],"author":[{"embeddable":true,"href":"https:\/\/www.actualidadadiario.com\/index.php\/wp-json\/wp\/v2\/users\/3"}],"replies":[{"embeddable":true,"href":"https:\/\/www.actualidadadiario.com\/index.php\/wp-json\/wp\/v2\/comments?post=10734"}],"version-history":[{"count":1,"href":"https:\/\/www.actualidadadiario.com\/index.php\/wp-json\/wp\/v2\/posts\/10734\/revisions"}],"predecessor-version":[{"id":10736,"href":"https:\/\/www.actualidadadiario.com\/index.php\/wp-json\/wp\/v2\/posts\/10734\/revisions\/10736"}],"wp:featuredmedia":[{"embeddable":true,"href":"https:\/\/www.actualidadadiario.com\/index.php\/wp-json\/wp\/v2\/media\/10735"}],"wp:attachment":[{"href":"https:\/\/www.actualidadadiario.com\/index.php\/wp-json\/wp\/v2\/media?parent=10734"}],"wp:term":[{"taxonomy":"category","embeddable":true,"href":"https:\/\/www.actualidadadiario.com\/index.php\/wp-json\/wp\/v2\/categories?post=10734"},{"taxonomy":"post_tag","embeddable":true,"href":"https:\/\/www.actualidadadiario.com\/index.php\/wp-json\/wp\/v2\/tags?post=10734"}],"curies":[{"name":"wp","href":"https:\/\/api.w.org\/{rel}","templated":true}]}}