{"id":10731,"date":"2017-04-28T09:34:19","date_gmt":"2017-04-28T12:34:19","guid":{"rendered":"http:\/\/actualidadadiario.com\/site\/?p=10731"},"modified":"2017-04-28T09:34:19","modified_gmt":"2017-04-28T12:34:19","slug":"entre-rios-y-uruguay-impulsan-tres-proyectos-de-desarrollo-regional","status":"publish","type":"post","link":"https:\/\/www.actualidadadiario.com\/index.php\/2017\/04\/28\/entre-rios-y-uruguay-impulsan-tres-proyectos-de-desarrollo-regional\/","title":{"rendered":"Entre R\u00edos y Uruguay impulsan tres proyectos de desarrollo regional"},"content":{"rendered":"<p><em><strong>El gobernador Gustavo Bordet particip\u00f3 este jueves en el encuentro binacional Concordia-Salto, junto a autoridades nacionales de Argentina y Uruguay, donde se anunci\u00f3 la remodelaci\u00f3n del aeropuerto de la ciudad entrerriana para transformarlo en estaci\u00f3n binacional de cargas. El secretario de Provincias del Ministerio del Interior, Alejandro Caldarelli, estuvo presente y confirm\u00f3 el apoyo de la Naci\u00f3n para concretar esta iniciativa que se complementa con otros dos proyectos: el desarrollo del puerto de Salto y la concreci\u00f3n de un puente vecinal sobre el r\u00edo Uruguay para unir esa ciudad uruguaya con Concordia<\/strong><\/em><\/p>\n<p>&nbsp;<\/p>\n<p>&nbsp;<\/p>\n<p>&nbsp;<\/p>\n<p>Estuvieron los intendentes de Concordia y Salto, Enrique Cresto y Andr\u00e9s Lima, respectivamente.<\/p>\n<p>&nbsp;<\/p>\n<p>En el encuentro binacional, que se realiz\u00f3 en la ciudad uruguaya de Salto, se trabaj\u00f3 de manera org\u00e1nica y se conformaron las respectivas comisiones para el desarrollo de tres proyectos puntuales que tienen como objetivo potenciar a un conglomerado urbano de casi 400.000 habitantes: el aeropuerto de la ciudad de Concordia, el puerto de Salto y el puente vecinal Salto-Concordia. El m\u00e1s avanzado es el de la estaci\u00f3n a\u00e9rea en la ciudad entrerriana. En una primera etapa para vuelos de l\u00ednea a nivel nacional y luego para transporte internacional de cargas.<\/p>\n<p>&nbsp;<\/p>\n<p>&#8220;Estos son los grandes desaf\u00edos que tenemos para abordar &#8220;, dijo Bordet y agradeci\u00f3 la presencia del secretario de Provincias, Alejandro Caldarelli, que &#8220;representa la voluntad del gobierno argentino de avanzar por este camino que es el del entendimiento, del encuentro entre dos pueblos hermanos y de tener las obras de infraestructura que necesariamente nos est\u00e9n vinculando&#8221;. Explic\u00f3 que el encuentro realizado en el vecino pa\u00eds \u201ctiene que alentarnos a seguir trabajando juntos para encontrar un futuro mucho mejor para esta regi\u00f3n que est\u00e1 llamada a un progreso que no tiene l\u00edmites&#8221;.<\/p>\n<p>&nbsp;<\/p>\n<p>El gobernador consider\u00f3 \u201cmuy alentador\u201d el trabajo que se realiz\u00f3 en el encuentro binacional de Salto \u201cporque se avanza en el proyecto de integraci\u00f3n que hist\u00f3ricamente ha unido a las dos ciudades y a un conglomerado urbano que representa a unas 350.000 o 400.000 personas en la regi\u00f3n, para que puedan planificar y pensar a futuro cu\u00e1les son las posibilidades de desarrollo y de crecimiento&#8221;.<\/p>\n<p>&nbsp;<\/p>\n<p>Caldarelli, en tanto, consider\u00f3 que el proyecto para el aeropuerto en Concordia tendr\u00e1 \u201cun gran impacto en el desarrollo de la regi\u00f3n, que vincula a dos pueblos que tienen mucha relaci\u00f3n social\u201d; y asegur\u00f3: \u201cDesde Naci\u00f3n, desde que nos presentaron esta idea, queremos apoyarla y acompa\u00f1arla. Sabemos que es un proceso al que hay que ponerle mucho esfuerzo para llevarlo adelante y lograr que organismos internacionales lo financien. Tenemos que hacerlo entre los dos pa\u00edses y hay mucha voluntad entre los dos pueblos para poder llevarlo adelante. Mi presencia ac\u00e1 representa al ministro del Interior, Rogelio Frigerio, que apoya este esfuerzo que est\u00e1n haciendo los dos pueblos\u201d, agreg\u00f3 el funcionario nacional.<\/p>\n<p>&nbsp;<\/p>\n<p>&nbsp;<\/p>\n<p>&nbsp;<\/p>\n<p><strong>Los proyectos <\/strong><\/p>\n<p>El gobernador Bordet resalt\u00f3 los avances logrados para el desarrollo del aeropuerto de Concordia, el puerto de Salto y el puente vecinal entre ambas ciudades, lo que \u201ccontribuye de gran manera en los sistemas productivos de esa regi\u00f3n que son similares y complementarios en materia de citrus y ar\u00e1ndanos\u201d.<\/p>\n<p>&nbsp;<\/p>\n<p>\u201cCreo que este es un encuentro fundacional para poder avanzar en proyectos de integraci\u00f3n regional que tienen que ver con obras de infraestructura que la regi\u00f3n necesita. Tienen que ver con tres \u00edtems que se acordaron hoy que son fundamentales para pensar en t\u00e9rminos estrat\u00e9gicos y tener una visi\u00f3n de futuro de la regi\u00f3n\u201d, dijo Bordet.<\/p>\n<p>&nbsp;<\/p>\n<p>Agreg\u00f3 que los proyectos tienen absoluta viabilidad a trav\u00e9s de cr\u00e9ditos internacionales desde entidades como el BID, ya que \u00e9ste cuenta con fondos suficientes para financiamiento binacional debido a que hay pocas obras compartidas entre pa\u00edses.<\/p>\n<p>&nbsp;<\/p>\n<p>\u201cNecesitamos contar con un aeropuerto internacional que permita trabajar en la operaci\u00f3n de pasajeros, pero lo m\u00e1s importante es que exista un aeropuerto de cargas que posibilite abaratar costos de manera considerable en nuestra producci\u00f3n, b\u00e1sicamente ar\u00e1ndanos que se exporta v\u00eda a\u00e9rea, y generar competitividad en los mercados internacionales de destino, para de esta manera hacer sostenible un sistema productivo&#8221;, expuso Bordet.<\/p>\n<p>&nbsp;<\/p>\n<p>En esa l\u00ednea, se refiri\u00f3 tambi\u00e9n a la incidencia que tendr\u00e1 la obra en las exportaciones de citrus a algunos pa\u00edses como los Emiratos \u00c1rabes que se hace tambi\u00e9n por v\u00eda a\u00e9rea. &#8220;Es muy importante tener este aeropuerto internacional compartido entre Concordia y Salto. Estos son los proyectos que tienen que unirnos&#8221;, remarc\u00f3.<\/p>\n<p>&nbsp;<\/p>\n<p>Habl\u00f3 tambi\u00e9n del proyecto del puente vecinal entre ambas ciudades y record\u00f3 que se origin\u00f3 hace m\u00e1s de 30 a\u00f1os por iniciativa de los Rotary Club de Salto y Concordia, y resalt\u00f3 adem\u00e1s la incidencia del desarrollo del puerto en Salto.<\/p>\n<p>&nbsp;<\/p>\n<p>\u201cHoy estamos aqu\u00ed para fortalecer esta integraci\u00f3n y la mejor manera de hacerlo es con estos tres proyectos que posibilitan pensar en t\u00e9rminos estrat\u00e9gicos y en el desarrollo de toda una regi\u00f3n uruguaya y argentina, complement\u00e1ndolo adem\u00e1s con el resto en el proceso de integraci\u00f3n que se est\u00e1 dando entre Argentina y Uruguay&#8221;, expres\u00f3 el mandatario.<\/p>\n<p>&nbsp;<\/p>\n<p>&nbsp;<\/p>\n<p>&nbsp;<\/p>\n<p><strong>Avances en la relaci\u00f3n <\/strong><\/p>\n<p>El gobernador entrerriano indic\u00f3 tambi\u00e9n que \u201cse han dado pasos muy importantes\u201d en la vinculaci\u00f3n entre Argentina y Uruguay y para la concreci\u00f3n de distintos proyectos a trav\u00e9s del Comit\u00e9 para la Hidrov\u00eda R\u00edo Uruguay en cuanto a la operatividad del sistema portuario de la regi\u00f3n, y mencion\u00f3 que en 2016 se logr\u00f3 levantar las restricciones aduaneras sobre el puerto de Montevideo que permiti\u00f3 operar con exportaciones de productos argentinos a la capital uruguaya.<\/p>\n<p>&nbsp;<\/p>\n<p>&#8220;Hoy hay una alianza estrat\u00e9gica con la Hidrov\u00eda R\u00edo Uruguay entre Paysand\u00fa, Concepci\u00f3n del Uruguay y Montevideo que est\u00e1 permitiendo sacar por primera vez en la historia de Entre R\u00edos contenedores con temperatura para fr\u00edo de productos av\u00edcolas, citr\u00edcolas y pr\u00f3ximamente tambi\u00e9n l\u00e1cteos&#8221;, detall\u00f3 Bordet en relaci\u00f3n a la reciente incorporaci\u00f3n de un sistema adecuado para ello en el puerto de Concepci\u00f3n del Uruguay.<\/p>\n<p>&nbsp;<\/p>\n<p>Asegur\u00f3 que eso representa \u201cuna gran oportunidad y cristaliza de alg\u00fan modo el trabajo que se ha venido realizando para lograr la navegabilidad&#8221; y apunt\u00f3 que &#8220;hay que plantear la navegabilidad hasta los puertos de Salto y Concordia a trav\u00e9s de barcazas&#8221;.<\/p>\n<p>&nbsp;<\/p>\n<p>&nbsp;<\/p>\n<p><strong>\u00a0<\/strong><\/p>\n<p><strong>Apoyo nacional <\/strong><\/p>\n<p>El secretario de Provincias, Alejandro Caldarelli, destac\u00f3 el impacto que tendr\u00e1 el proyecto para el aeropuerto en Concordia en el desarrollo de la regi\u00f3n y reiter\u00f3 el apoyo desde la Naci\u00f3n para su concreci\u00f3n.<\/p>\n<p>&nbsp;<\/p>\n<p>\u201cA esto tenemos que hacerlo en conjunto entre los dos pa\u00edses, creo que es una prueba de que podemos trabajar juntos. Me parece que es un proyecto ya dise\u00f1ado y que hay mucha voluntad entre los dos pueblos para poder llevarlo adelante y el ministro del Interior apoya este esfuerzo que est\u00e1n haciendo los dos pueblos\u201d, indic\u00f3 el funcionario.<\/p>\n<p>&nbsp;<\/p>\n<p>Asimismo, se\u00f1al\u00f3 que estas obras de infraestructura \u201cpueden generar mucho impacto\u201d y record\u00f3 que \u201cel a\u00f1o pasado nos pas\u00f3 en Argentina, en el aeropuerto de Tucum\u00e1n que se remodel\u00f3 y se adapt\u00f3 para poder aceptar m\u00e1s carga de lo que ten\u00eda y se duplicaron las exportaciones de ar\u00e1ndanos. Por lo cual no tenemos dudas de que este proyecto va a generarle a la regi\u00f3n mucha m\u00e1s actividad productiva, que es en definitiva lo que necesitamos ambos pa\u00edses: generar desarrollo en el interior de nuestros pa\u00edses y generar mucho empleo privado del bueno, para poder lograr un ambiente social mucho m\u00e1s arm\u00f3nico en Argentina y en Uruguay\u201d.<\/p>\n<p>&nbsp;<\/p>\n<p>Indic\u00f3 que al proyecto \u201cvamos a impulsarlo a trav\u00e9s de los organismos internacionales para que lo financien y lo tenemos que hacer juntos los dos pa\u00edses. Es una agenda binacional y creo que los organismos internacionales, el BID sobre todo, tiene intenciones de financiar este tipo de proyectos\u201d.<\/p>\n<p>&nbsp;<\/p>\n<p>Sobre las obras en el aeropuerto, dijo que \u201cen la primera etapa lo adaptaremos para que puedan bajar las l\u00edneas a\u00e9reas; pero lo m\u00e1s importante va a ser este proyecto de estaci\u00f3n binacional de cargas que le va a dar impulso econ\u00f3mico a la regi\u00f3n\u201d.<\/p>\n<p>&nbsp;<\/p>\n<p>Por \u00faltimo, subray\u00f3: \u201cAgradezco que me hayan invitado y cuenten con nosotros para acompa\u00f1ar el proyecto y el esfuerzo que est\u00e1n haciendo\u201d.<\/p>\n<p>&nbsp;<\/p>\n<p>&nbsp;<\/p>\n<p><strong>\u00a0<\/strong><\/p>\n<p><strong>Trabajar como regi\u00f3n <\/strong><\/p>\n<p>Por su parte, el intendente de Concordia, Enrique Cresto, dijo que los tres proyectos \u201cson fundamentales y tienen mucho que ver con el desarrollo de las dos ciudades y de la regi\u00f3n y de ambos pa\u00edses para sacar la producci\u00f3n y evitar pagar elevados costos log\u00edsticos para trasladarla a Ezeiza con la posibilidad de tener un aeropuerto. Lo mismo con el puerto y el dragado hasta la ciudad de Concordia y Salto, para que tambi\u00e9n haya salida de nuestra producci\u00f3n&#8221;, detall\u00f3.<\/p>\n<p>&nbsp;<\/p>\n<p>Dijo que despu\u00e9s de la presentaci\u00f3n realizada en la ocasi\u00f3n en Salto, se trabajar\u00e1 \u201cr\u00e1pidamente en los proyectos para tener un avance, poner una fecha para la presentaci\u00f3n de los anteproyectos e ir a los organismos internacionales de cr\u00e9dito para lograr si es posible este a\u00f1o la aprobaci\u00f3n de estos tres proyectos que tendr\u00e1 que ser el puntapi\u00e9 inicial para un gran desarrollo de ambas regiones&#8221;.<\/p>\n<p>&nbsp;<\/p>\n<p>En tanto, el intendente de Salto, Andr\u00e9s Lima, dijo que &#8220;hay que ir dejando atr\u00e1s la visi\u00f3n individualista o parcelaria\u201d y entendi\u00f3 que para avanzar \u201ctenemos que sumar, unirnos, trabajar como regi\u00f3n&#8221;.<\/p>\n<p>&nbsp;<\/p>\n<p>Expuso la tarea que se realiza con la Hidrov\u00eda del r\u00edo Uruguay y el desarrollo de la navegabilidad del r\u00edo y el v\u00ednculo entre Salto y Concordia con una visi\u00f3n integradora y regional. &#8220;Hay muchas demostraciones de solidaridad entre ambas ciudades. Tenemos un presente donde hay un proceso integrador din\u00e1mico que no se da s\u00f3lo desde lo institucional sino tambi\u00e9n desde lo empresarial y desde la propia sociedad civil&#8221;, afirm\u00f3 Lima.<\/p>\n<p>&nbsp;<\/p>\n<p>&nbsp;<\/p>\n<p>&nbsp;<\/p>\n<p><strong>Presencias <\/strong><\/p>\n<p>Estuvieron presentes tambi\u00e9n los intendentes de Puerto Yeru\u00e1, Fabi\u00e1n Cevey; Los Charr\u00faas, Ariel Panozzo Z\u00e9nere; La Criolla, Nicol\u00e1s Passarello; y de Colonia Ayu\u00ed, Edgardo Almada; el presidente de la Delegaci\u00f3n Argentina de CTM, Roberto Niez; el secretario de CTM, Hugo Meier; el presidente de Cafesg, Alejandro Casa\u00f1as; en representaci\u00f3n de la CARU, Rogelio Texeira; el ministro de Planeamiento, Infraestructura y Servicios, Luis Benedetto; el Presidente del Instituto Portuario Provincial, Leonardo Cabrera; el coordinador de la Unidad Operadora Provincial del CFI en Entre R\u00edos, Rolando Kaehler; el viceintendente de Concordia, Armando Gay; la coordinadora del gabinete municipal de Concordia, Cielo Petit; el senador Angel Giano; el diputado provincial Joaqu\u00edn La Madrid y representantes de la Asociaci\u00f3n de Citricultores; de Apama; Fuerzas de Seguridad; Centro Industrial y Comercial de Concordia; concejales de ambas ciudades.<\/p>\n","protected":false},"excerpt":{"rendered":"<p>El gobernador Gustavo Bordet particip\u00f3 este jueves en el encuentro binacional Concordia-Salto, junto a autoridades nacionales de Argentina y Uruguay, donde se anunci\u00f3 la remodelaci\u00f3n del aeropuerto de la ciudad entrerriana para transformarlo en estaci\u00f3n binacional de cargas. El secretario de Provincias del Ministerio del Interior, Alejandro Caldarelli, estuvo presente y confirm\u00f3 el apoyo de la Naci\u00f3n para concretar esta iniciativa que se complementa con otros dos proyectos: el desarrollo del puerto de Salto y la concreci\u00f3n de un puente vecinal sobre el r\u00edo Uruguay para unir esa ciudad uruguaya&#8230;<\/p>\n","protected":false},"author":3,"featured_media":10732,"comment_status":"closed","ping_status":"closed","sticky":false,"template":"","format":"standard","meta":[],"categories":[9,15],"tags":[],"_links":{"self":[{"href":"https:\/\/www.actualidadadiario.com\/index.php\/wp-json\/wp\/v2\/posts\/10731"}],"collection":[{"href":"https:\/\/www.actualidadadiario.com\/index.php\/wp-json\/wp\/v2\/posts"}],"about":[{"href":"https:\/\/www.actualidadadiario.com\/index.php\/wp-json\/wp\/v2\/types\/post"}],"author":[{"embeddable":true,"href":"https:\/\/www.actualidadadiario.com\/index.php\/wp-json\/wp\/v2\/users\/3"}],"replies":[{"embeddable":true,"href":"https:\/\/www.actualidadadiario.com\/index.php\/wp-json\/wp\/v2\/comments?post=10731"}],"version-history":[{"count":1,"href":"https:\/\/www.actualidadadiario.com\/index.php\/wp-json\/wp\/v2\/posts\/10731\/revisions"}],"predecessor-version":[{"id":10733,"href":"https:\/\/www.actualidadadiario.com\/index.php\/wp-json\/wp\/v2\/posts\/10731\/revisions\/10733"}],"wp:featuredmedia":[{"embeddable":true,"href":"https:\/\/www.actualidadadiario.com\/index.php\/wp-json\/wp\/v2\/media\/10732"}],"wp:attachment":[{"href":"https:\/\/www.actualidadadiario.com\/index.php\/wp-json\/wp\/v2\/media?parent=10731"}],"wp:term":[{"taxonomy":"category","embeddable":true,"href":"https:\/\/www.actualidadadiario.com\/index.php\/wp-json\/wp\/v2\/categories?post=10731"},{"taxonomy":"post_tag","embeddable":true,"href":"https:\/\/www.actualidadadiario.com\/index.php\/wp-json\/wp\/v2\/tags?post=10731"}],"curies":[{"name":"wp","href":"https:\/\/api.w.org\/{rel}","templated":true}]}}