{"id":10724,"date":"2017-04-27T09:33:37","date_gmt":"2017-04-27T12:33:37","guid":{"rendered":"http:\/\/actualidadadiario.com\/site\/?p=10724"},"modified":"2017-04-27T09:33:37","modified_gmt":"2017-04-27T12:33:37","slug":"mas-de-25-millones-de-ninos-no-van-a-la-escuela-por-vivir-en-zonas-de-conflicto","status":"publish","type":"post","link":"https:\/\/www.actualidadadiario.com\/index.php\/2017\/04\/27\/mas-de-25-millones-de-ninos-no-van-a-la-escuela-por-vivir-en-zonas-de-conflicto\/","title":{"rendered":"M\u00e1s de 25 millones de ni\u00f1os no van a la escuela por vivir en zonas de conflicto"},"content":{"rendered":"<p><em><strong>M\u00e1s de 25 millones de ni\u00f1os de 22 pa\u00edses no acuden a la escuela por vivir en zonas de conflicto, alert\u00f3 el Fondo de la ONU para la Infancia (UNICEF)<\/strong><\/em><\/p>\n<p>&nbsp;<\/p>\n<p>&nbsp;<\/p>\n<p>&nbsp;<\/p>\n<p>&nbsp;<\/p>\n<p>Las edades van de 6 a 15 a\u00f1os y la cifra representa el 22% del total mundial de ni\u00f1os de ese grupo etario, por lo que UNICEF advirti\u00f3 que &#8220;sin educaci\u00f3n es muy dif\u00edcil que los ni\u00f1os desarrollen todo su potencial para contribuir en el futuro a la estabilidad de sus familias y comunidades&#8221;, seg\u00fan se public\u00f3 en la web de Naciones Unidas.<\/p>\n<p>&nbsp;<\/p>\n<p>La activista Muzoon Almellehan, una joven refugiada siria de 19 a\u00f1os, viaj\u00f3 a Chad para crear conciencia sobre los obst\u00e1culos que enfrentan los menores afectados o desplazados por conflictos para acceder a la educaci\u00f3n<\/p>\n<p>&nbsp;<\/p>\n<p>&#8220;La educaci\u00f3n nos da todo: nos da poder, nos da oportunidades, nos abre muchas puertas frente a nosotros. Con educaci\u00f3n podemos alcanzar nuestras metas y nuestros sue\u00f1os. Tambi\u00e9n podemos reconstruir nuestros pa\u00edses&#8221;, asever\u00f3 Muzzon en declaraciones a Noticias ONU tras su visita a Chad.<\/p>\n<p>&nbsp;<\/p>\n<p>Muzzon, conocida como &#8220;la Malala siria&#8221;, afirm\u00f3 que los conflictos privan a las personas de sus amigos, sus familias, sus medios de vida y sus hogares, al igual que su dignidad, identidad, orgullo y esperanza.<\/p>\n<p>&nbsp;<\/p>\n<p>A nivel de educaci\u00f3n primaria, Sud\u00e1n del Sur es el pa\u00eds con mayor cantidad de ni\u00f1os fuera de la escuela con 72%, seguido por Chad con 50%, y Afganist\u00e1n, con 46%. Esos pa\u00edses son tambi\u00e9n los que registran la tasa m\u00e1s alta de ni\u00f1as sin escuela, donde Sud\u00e1n del Sur encabeza el ranking con el 76%. En cuanto a la educaci\u00f3n secundaria, N\u00edger encabeza la lista con 68% de adolescentes sin acceso a esas escuelas, Sud\u00e1n del Sur registra 60% y la Rep\u00fablica Centroafricana 55%.<\/p>\n","protected":false},"excerpt":{"rendered":"<p>M\u00e1s de 25 millones de ni\u00f1os de 22 pa\u00edses no acuden a la escuela por vivir en zonas de conflicto, alert\u00f3 el Fondo de la ONU para la Infancia (UNICEF) &nbsp; &nbsp; &nbsp; &nbsp; Las edades van de 6 a 15 a\u00f1os y la cifra representa el 22% del total mundial de ni\u00f1os de ese grupo etario, por lo que UNICEF advirti\u00f3 que &#8220;sin educaci\u00f3n es muy dif\u00edcil que los ni\u00f1os desarrollen todo su potencial para contribuir en el futuro a la estabilidad de sus familias y comunidades&#8221;, seg\u00fan se&#8230;<\/p>\n","protected":false},"author":3,"featured_media":10725,"comment_status":"closed","ping_status":"closed","sticky":false,"template":"","format":"standard","meta":[],"categories":[4],"tags":[],"_links":{"self":[{"href":"https:\/\/www.actualidadadiario.com\/index.php\/wp-json\/wp\/v2\/posts\/10724"}],"collection":[{"href":"https:\/\/www.actualidadadiario.com\/index.php\/wp-json\/wp\/v2\/posts"}],"about":[{"href":"https:\/\/www.actualidadadiario.com\/index.php\/wp-json\/wp\/v2\/types\/post"}],"author":[{"embeddable":true,"href":"https:\/\/www.actualidadadiario.com\/index.php\/wp-json\/wp\/v2\/users\/3"}],"replies":[{"embeddable":true,"href":"https:\/\/www.actualidadadiario.com\/index.php\/wp-json\/wp\/v2\/comments?post=10724"}],"version-history":[{"count":1,"href":"https:\/\/www.actualidadadiario.com\/index.php\/wp-json\/wp\/v2\/posts\/10724\/revisions"}],"predecessor-version":[{"id":10726,"href":"https:\/\/www.actualidadadiario.com\/index.php\/wp-json\/wp\/v2\/posts\/10724\/revisions\/10726"}],"wp:featuredmedia":[{"embeddable":true,"href":"https:\/\/www.actualidadadiario.com\/index.php\/wp-json\/wp\/v2\/media\/10725"}],"wp:attachment":[{"href":"https:\/\/www.actualidadadiario.com\/index.php\/wp-json\/wp\/v2\/media?parent=10724"}],"wp:term":[{"taxonomy":"category","embeddable":true,"href":"https:\/\/www.actualidadadiario.com\/index.php\/wp-json\/wp\/v2\/categories?post=10724"},{"taxonomy":"post_tag","embeddable":true,"href":"https:\/\/www.actualidadadiario.com\/index.php\/wp-json\/wp\/v2\/tags?post=10724"}],"curies":[{"name":"wp","href":"https:\/\/api.w.org\/{rel}","templated":true}]}}