{"id":10721,"date":"2017-04-27T09:32:51","date_gmt":"2017-04-27T12:32:51","guid":{"rendered":"http:\/\/actualidadadiario.com\/site\/?p=10721"},"modified":"2017-04-27T09:32:51","modified_gmt":"2017-04-27T12:32:51","slug":"brasil-anuncia-primera-huelga-general-para-este-viernes","status":"publish","type":"post","link":"https:\/\/www.actualidadadiario.com\/index.php\/2017\/04\/27\/brasil-anuncia-primera-huelga-general-para-este-viernes\/","title":{"rendered":"Brasil anuncia primera huelga general para este viernes"},"content":{"rendered":"<p><em><strong>\u201cEl paro resulta urgente y necesario para hacer la lucha de masas y detener esa ola conservadora que intentan llevar adelante un Gobierno&#8221;, explic\u00f3 la presidenta sindical Beatriz Cerqueira<\/strong><\/em><\/p>\n<p>&nbsp;<\/p>\n<p>&nbsp;<\/p>\n<p>&nbsp;<\/p>\n<p>&nbsp;<\/p>\n<p>Las centrales sindicales de Brasil realizar\u00e1n el primer paro nacional el pr\u00f3ximo 28 de abril en rechazo a las reformas laboral y jubilatoria, los dos proyectos m\u00e1s ambiciosos del Gobierno del presidente no electo Michel Temer para este a\u00f1o.<\/p>\n<p>&nbsp;<\/p>\n<p>Conductores, colectivos, docentes, m\u00e9dicos y los principales sindicatos industriales de Brasil anunciaron la adhesi\u00f3n a la huelga general liderada por la Central \u00danica de Trabajadores (CUT), la primera que se hace desde 1996.<\/p>\n<p>&nbsp;<\/p>\n<p>La huelga general busca dar un golpe de tim\u00f3n al proyecto que este mi\u00e9rcoles comienza a votarse en comisi\u00f3n de diputados, la reforma laboral, que pretende flexibilizar la legislaci\u00f3n que rige desde 1943, de la \u00e9poca del presidente Getulio Vargas.<\/p>\n<p>&nbsp;<\/p>\n<p>\u201cEl paro resulta urgente y necesario para hacer la lucha de masas y detener esa ola conservadora que intentan llevar adelante un Gobierno y un Congreso Nacional que no tienen legitimidad para eso, mediante la imposici\u00f3n de un nuevo modelo de Estado\u201d, denunci\u00f3 la presidenta de la Central \u00danica de los Trabajadores en Minas Gerais, Beatriz Cerqueira.<\/p>\n<p>&nbsp;<\/p>\n<p>Uno de los puntos m\u00e1s importantes de la reforma es que no exista m\u00e1s negociaci\u00f3n colectiva entre sindicatos y empresas y s\u00ed directamente entre patrones y empleados.<\/p>\n<p>&nbsp;<\/p>\n<p>Otro punto que flexibiliza la normativa es la implementaci\u00f3n de reducci\u00f3n de jornada, algo que es clave para los aeronavegantes, que alertaron sobre que podr\u00e1n ser suspendidos sin cobrar, por ejemplo, en temporada baja.<\/p>\n<p>&nbsp;<\/p>\n<p>Pese a la presi\u00f3n popular, Temer pretende aprobar ambas normas en el Congreso y la comisi\u00f3n especial de reforma laboral inici\u00f3 el martes 25 de abril la lectura del parecer del diputado instructor de la materia, Rogerio Marinho, del Partido de la Social Democracia Brasile\u00f1a (PSDB) del ex presidente Fernando Henrique Cardoso.<\/p>\n","protected":false},"excerpt":{"rendered":"<p>\u201cEl paro resulta urgente y necesario para hacer la lucha de masas y detener esa ola conservadora que intentan llevar adelante un Gobierno&#8221;, explic\u00f3 la presidenta sindical Beatriz Cerqueira &nbsp; &nbsp; &nbsp; &nbsp; Las centrales sindicales de Brasil realizar\u00e1n el primer paro nacional el pr\u00f3ximo 28 de abril en rechazo a las reformas laboral y jubilatoria, los dos proyectos m\u00e1s ambiciosos del Gobierno del presidente no electo Michel Temer para este a\u00f1o. &nbsp; Conductores, colectivos, docentes, m\u00e9dicos y los principales sindicatos industriales de Brasil anunciaron la adhesi\u00f3n a la huelga&#8230;<\/p>\n","protected":false},"author":3,"featured_media":10722,"comment_status":"closed","ping_status":"closed","sticky":false,"template":"","format":"standard","meta":[],"categories":[4],"tags":[],"_links":{"self":[{"href":"https:\/\/www.actualidadadiario.com\/index.php\/wp-json\/wp\/v2\/posts\/10721"}],"collection":[{"href":"https:\/\/www.actualidadadiario.com\/index.php\/wp-json\/wp\/v2\/posts"}],"about":[{"href":"https:\/\/www.actualidadadiario.com\/index.php\/wp-json\/wp\/v2\/types\/post"}],"author":[{"embeddable":true,"href":"https:\/\/www.actualidadadiario.com\/index.php\/wp-json\/wp\/v2\/users\/3"}],"replies":[{"embeddable":true,"href":"https:\/\/www.actualidadadiario.com\/index.php\/wp-json\/wp\/v2\/comments?post=10721"}],"version-history":[{"count":1,"href":"https:\/\/www.actualidadadiario.com\/index.php\/wp-json\/wp\/v2\/posts\/10721\/revisions"}],"predecessor-version":[{"id":10723,"href":"https:\/\/www.actualidadadiario.com\/index.php\/wp-json\/wp\/v2\/posts\/10721\/revisions\/10723"}],"wp:featuredmedia":[{"embeddable":true,"href":"https:\/\/www.actualidadadiario.com\/index.php\/wp-json\/wp\/v2\/media\/10722"}],"wp:attachment":[{"href":"https:\/\/www.actualidadadiario.com\/index.php\/wp-json\/wp\/v2\/media?parent=10721"}],"wp:term":[{"taxonomy":"category","embeddable":true,"href":"https:\/\/www.actualidadadiario.com\/index.php\/wp-json\/wp\/v2\/categories?post=10721"},{"taxonomy":"post_tag","embeddable":true,"href":"https:\/\/www.actualidadadiario.com\/index.php\/wp-json\/wp\/v2\/tags?post=10721"}],"curies":[{"name":"wp","href":"https:\/\/api.w.org\/{rel}","templated":true}]}}