{"id":10701,"date":"2017-04-27T09:25:14","date_gmt":"2017-04-27T12:25:14","guid":{"rendered":"http:\/\/actualidadadiario.com\/site\/?p=10701"},"modified":"2017-04-27T09:25:14","modified_gmt":"2017-04-27T12:25:14","slug":"1-de-mayo-las-cta-haran-acto-en-congreso-y-amenazan-con-un-nuevo-paro-nacional","status":"publish","type":"post","link":"https:\/\/www.actualidadadiario.com\/index.php\/2017\/04\/27\/1-de-mayo-las-cta-haran-acto-en-congreso-y-amenazan-con-un-nuevo-paro-nacional\/","title":{"rendered":"1 de Mayo: las CTA har\u00e1n acto en Congreso y amenazan con un nuevo paro nacional"},"content":{"rendered":"<p><em><strong>El anuncio fue formalizado en conferencia de prensa por Hugo Yasky y Pablo Micheli, quienes coincidieron en que \u201cest\u00e1n dando las condiciones para un segundo paro nacional&#8221;<\/strong><\/em><\/p>\n<p>&nbsp;<\/p>\n<p>&nbsp;<\/p>\n<p>&nbsp;<\/p>\n<p>La CTA de los Trabajadores, que conduce Hugo Yasky, y la CTA Aut\u00f3noma, que lidera Pablo Micheli, anunciaron la realizaci\u00f3n de un acto conjunto en la Plaza Congreso por el D\u00eda del Trabajador.<\/p>\n<p>&nbsp;<\/p>\n<p>El acto que se realizar\u00e1 el lunes 1 de mayo est\u00e1 convocado para a las 16 en la &#8220;escuela itinerante&#8221; que montaron los gremios docentes.<\/p>\n<p>&nbsp;<\/p>\n<p>Adem\u00e1s, anunciaron que \u201cest\u00e1n dando las condiciones para un segundo paro nacional&#8221;. As\u00ed lo indic\u00f3 Yasky en conferencia de prensa, en la que anunciaron los pasos a seguir en el marco del plan conjunto de ambas CTA contra las pol\u00edticas de Mauricio Macri.<\/p>\n","protected":false},"excerpt":{"rendered":"<p>El anuncio fue formalizado en conferencia de prensa por Hugo Yasky y Pablo Micheli, quienes coincidieron en que \u201cest\u00e1n dando las condiciones para un segundo paro nacional&#8221; &nbsp; &nbsp; &nbsp; La CTA de los Trabajadores, que conduce Hugo Yasky, y la CTA Aut\u00f3noma, que lidera Pablo Micheli, anunciaron la realizaci\u00f3n de un acto conjunto en la Plaza Congreso por el D\u00eda del Trabajador. &nbsp; El acto que se realizar\u00e1 el lunes 1 de mayo est\u00e1 convocado para a las 16 en la &#8220;escuela itinerante&#8221; que montaron los gremios docentes. &nbsp;&#8230;<\/p>\n","protected":false},"author":3,"featured_media":10702,"comment_status":"closed","ping_status":"closed","sticky":false,"template":"","format":"standard","meta":[],"categories":[9],"tags":[],"_links":{"self":[{"href":"https:\/\/www.actualidadadiario.com\/index.php\/wp-json\/wp\/v2\/posts\/10701"}],"collection":[{"href":"https:\/\/www.actualidadadiario.com\/index.php\/wp-json\/wp\/v2\/posts"}],"about":[{"href":"https:\/\/www.actualidadadiario.com\/index.php\/wp-json\/wp\/v2\/types\/post"}],"author":[{"embeddable":true,"href":"https:\/\/www.actualidadadiario.com\/index.php\/wp-json\/wp\/v2\/users\/3"}],"replies":[{"embeddable":true,"href":"https:\/\/www.actualidadadiario.com\/index.php\/wp-json\/wp\/v2\/comments?post=10701"}],"version-history":[{"count":1,"href":"https:\/\/www.actualidadadiario.com\/index.php\/wp-json\/wp\/v2\/posts\/10701\/revisions"}],"predecessor-version":[{"id":10703,"href":"https:\/\/www.actualidadadiario.com\/index.php\/wp-json\/wp\/v2\/posts\/10701\/revisions\/10703"}],"wp:featuredmedia":[{"embeddable":true,"href":"https:\/\/www.actualidadadiario.com\/index.php\/wp-json\/wp\/v2\/media\/10702"}],"wp:attachment":[{"href":"https:\/\/www.actualidadadiario.com\/index.php\/wp-json\/wp\/v2\/media?parent=10701"}],"wp:term":[{"taxonomy":"category","embeddable":true,"href":"https:\/\/www.actualidadadiario.com\/index.php\/wp-json\/wp\/v2\/categories?post=10701"},{"taxonomy":"post_tag","embeddable":true,"href":"https:\/\/www.actualidadadiario.com\/index.php\/wp-json\/wp\/v2\/tags?post=10701"}],"curies":[{"name":"wp","href":"https:\/\/api.w.org\/{rel}","templated":true}]}}