{"id":107,"date":"2016-08-10T13:57:07","date_gmt":"2016-08-10T16:57:07","guid":{"rendered":"http:\/\/actualidadadiario.com\/site\/?p=107"},"modified":"2016-08-22T10:19:05","modified_gmt":"2016-08-22T13:19:05","slug":"advierten-sobre-posibles-despidos-en-el-sector-avicola","status":"publish","type":"post","link":"https:\/\/www.actualidadadiario.com\/index.php\/2016\/08\/10\/advierten-sobre-posibles-despidos-en-el-sector-avicola\/","title":{"rendered":"Advierten sobre posibles despidos en el sector av\u00edcola"},"content":{"rendered":"<p><em><strong>La luz de alarma la plante\u00f3 el empresario entrerriano H\u00e9ctor Motta. La crisis por la que atraviesa el sector se origina por el ingreso de productos industrializados de Brasil<\/strong> <\/em><\/p>\n<p>H\u00e9ctor Motta, reconocido dirigente entrerriano que presidiera la C\u00e1mara Argentina de Productores de la Industria Av\u00edcola (Capia) manifest\u00f3 su preocupaci\u00f3n por el riesgo de p\u00e9rdida de fuentes de trabajo debido a la crisis que atraviesa el sector.<\/p>\n<p>El empresario estuvo reunido con el ministro del Interior, Rogelio Frigerio, quien luego ten\u00eda previsto una audiencia con referentes del sector para interiorizarse de la situaci\u00f3n planteada.<\/p>\n<p>A la misma se sumar\u00e1n otros funcionarios del gobierno nacional con los que analizar\u00e1n las probables medidas a adoptar ante el preocupante panorama que pone en riesgo la fuente de trabajo de muchas familias que dependen directa e indirectamente de la avicultura.<\/p>\n<p>En declaraciones formuladas a LT 41 de Gualeguaych\u00fa, el empresario aclar\u00f3 que \u201cno existe la intenci\u00f3n de ejercer ninguna presi\u00f3n a trav\u00e9s de los medios period\u00edsticos\u201d. No obstante advirti\u00f3 que \u201cel ingreso de productos industrializados en Brasil ya est\u00e1n en las g\u00f3ndolas de los supermercados de Argentina, hecho que constituye una amenaza para la producci\u00f3n nacional\u201d.<\/p>\n<p>El presidente del Grupo Motta enfatiz\u00f3 que \u201csi a la sobreoferta que tiene el mercado interno se le suma la competencia con productos de Brasil estamos frente a un problema que requiere un urgente tratamiento\u201d.<\/p>\n","protected":false},"excerpt":{"rendered":"<p>La luz de alarma la plante\u00f3 el empresario entrerriano H\u00e9ctor Motta. La crisis por la que atraviesa el sector se origina por el ingreso de productos industrializados de Brasil H\u00e9ctor Motta, reconocido dirigente entrerriano que presidiera la C\u00e1mara Argentina de Productores de la Industria Av\u00edcola (Capia) manifest\u00f3 su preocupaci\u00f3n por el riesgo de p\u00e9rdida de fuentes de trabajo debido a la crisis que atraviesa el sector. El empresario estuvo reunido con el ministro del Interior, Rogelio Frigerio, quien luego ten\u00eda previsto una audiencia con referentes del sector para interiorizarse de&#8230;<\/p>\n","protected":false},"author":2,"featured_media":108,"comment_status":"closed","ping_status":"open","sticky":false,"template":"","format":"standard","meta":[],"categories":[9],"tags":[8],"_links":{"self":[{"href":"https:\/\/www.actualidadadiario.com\/index.php\/wp-json\/wp\/v2\/posts\/107"}],"collection":[{"href":"https:\/\/www.actualidadadiario.com\/index.php\/wp-json\/wp\/v2\/posts"}],"about":[{"href":"https:\/\/www.actualidadadiario.com\/index.php\/wp-json\/wp\/v2\/types\/post"}],"author":[{"embeddable":true,"href":"https:\/\/www.actualidadadiario.com\/index.php\/wp-json\/wp\/v2\/users\/2"}],"replies":[{"embeddable":true,"href":"https:\/\/www.actualidadadiario.com\/index.php\/wp-json\/wp\/v2\/comments?post=107"}],"version-history":[{"count":1,"href":"https:\/\/www.actualidadadiario.com\/index.php\/wp-json\/wp\/v2\/posts\/107\/revisions"}],"predecessor-version":[{"id":109,"href":"https:\/\/www.actualidadadiario.com\/index.php\/wp-json\/wp\/v2\/posts\/107\/revisions\/109"}],"wp:featuredmedia":[{"embeddable":true,"href":"https:\/\/www.actualidadadiario.com\/index.php\/wp-json\/wp\/v2\/media\/108"}],"wp:attachment":[{"href":"https:\/\/www.actualidadadiario.com\/index.php\/wp-json\/wp\/v2\/media?parent=107"}],"wp:term":[{"taxonomy":"category","embeddable":true,"href":"https:\/\/www.actualidadadiario.com\/index.php\/wp-json\/wp\/v2\/categories?post=107"},{"taxonomy":"post_tag","embeddable":true,"href":"https:\/\/www.actualidadadiario.com\/index.php\/wp-json\/wp\/v2\/tags?post=107"}],"curies":[{"name":"wp","href":"https:\/\/api.w.org\/{rel}","templated":true}]}}