{"id":10695,"date":"2017-04-27T09:23:20","date_gmt":"2017-04-27T12:23:20","guid":{"rendered":"http:\/\/actualidadadiario.com\/site\/?p=10695"},"modified":"2017-04-27T09:23:20","modified_gmt":"2017-04-27T12:23:20","slug":"el-senado-convirtio-en-ley-la-gratuidad-del-servicio-de-luz-para-electrodependientes","status":"publish","type":"post","link":"https:\/\/www.actualidadadiario.com\/index.php\/2017\/04\/27\/el-senado-convirtio-en-ley-la-gratuidad-del-servicio-de-luz-para-electrodependientes\/","title":{"rendered":"El Senado convirti\u00f3 en ley la gratuidad del servicio de luz para electrodependientes"},"content":{"rendered":"<p><em><strong>Por unanimidad y sin debate, la C\u00e1mara alta aprob\u00f3 este mi\u00e9rcoles el proyecto que garantiza tarifas gratuitas para las viviendas con personas que necesiten utilizar equipos el\u00e9ctricos debido a problemas de salud<\/strong><\/em><\/p>\n<p>&nbsp;<\/p>\n<p>&nbsp;<\/p>\n<p>&nbsp;<\/p>\n<p>El Senado le dio un nuevo golpe al ministro de Energ\u00eda Juan Jos\u00e9 Aranguren, ya que este mi\u00e9rcoles convirti\u00f3 en ley el proyecto que garantiza la gratuidad del servicio de luz para hogares con personas electrodependientes.<\/p>\n<p>&nbsp;<\/p>\n<p>La iniciativa que beneficia a las viviendas con personas que necesiten, por problemas de salud, el uso permanente de equipos el\u00e9ctricos, ya hab\u00eda logrado media sanci\u00f3n la semana pasada en Diputados por unanimidad, al igual que ocurri\u00f3 en la C\u00e1mara alta, donde sin debate, fue sancionada sobre tablas por 55 votos a favor.<\/p>\n<p>&nbsp;<\/p>\n<p>Adem\u00e1s de garantizar el suministro y la gratuidad del servicio, la nueva ley exime a los hogares &#8220;electrodependientes&#8221; de los costos que demanden la instalaci\u00f3n o adaptaci\u00f3n del inmueble a las necesidades del paciente, al tiempo que los except\u00faa de cualquier programa de premios y castigos destinado a incentivar la baja del consumo el\u00e9ctrico.<\/p>\n<p>&nbsp;<\/p>\n<p>Para garantizar el suministro, las prestadoras del servicio el\u00e9ctrico tendr\u00e1n que suministrar un grupo electr\u00f3geno en forma gratuita a quienes re\u00fanan las condiciones de hogar &#8220;electrodependiente por cuestiones de salud&#8221;.<\/p>\n<p>&nbsp;<\/p>\n<p>La sanci\u00f3n fue celebrada por familiares y amigos de pacientes &#8220;electrodependientes&#8221;, quienes hab\u00edan impulsado la campa\u00f1a \u201c#LuzParaEllos\u201d, que deriv\u00f3 en el proyecto.<\/p>\n","protected":false},"excerpt":{"rendered":"<p>Por unanimidad y sin debate, la C\u00e1mara alta aprob\u00f3 este mi\u00e9rcoles el proyecto que garantiza tarifas gratuitas para las viviendas con personas que necesiten utilizar equipos el\u00e9ctricos debido a problemas de salud &nbsp; &nbsp; &nbsp; El Senado le dio un nuevo golpe al ministro de Energ\u00eda Juan Jos\u00e9 Aranguren, ya que este mi\u00e9rcoles convirti\u00f3 en ley el proyecto que garantiza la gratuidad del servicio de luz para hogares con personas electrodependientes. &nbsp; La iniciativa que beneficia a las viviendas con personas que necesiten, por problemas de salud, el uso permanente&#8230;<\/p>\n","protected":false},"author":3,"featured_media":10696,"comment_status":"closed","ping_status":"closed","sticky":false,"template":"","format":"standard","meta":[],"categories":[18],"tags":[],"_links":{"self":[{"href":"https:\/\/www.actualidadadiario.com\/index.php\/wp-json\/wp\/v2\/posts\/10695"}],"collection":[{"href":"https:\/\/www.actualidadadiario.com\/index.php\/wp-json\/wp\/v2\/posts"}],"about":[{"href":"https:\/\/www.actualidadadiario.com\/index.php\/wp-json\/wp\/v2\/types\/post"}],"author":[{"embeddable":true,"href":"https:\/\/www.actualidadadiario.com\/index.php\/wp-json\/wp\/v2\/users\/3"}],"replies":[{"embeddable":true,"href":"https:\/\/www.actualidadadiario.com\/index.php\/wp-json\/wp\/v2\/comments?post=10695"}],"version-history":[{"count":1,"href":"https:\/\/www.actualidadadiario.com\/index.php\/wp-json\/wp\/v2\/posts\/10695\/revisions"}],"predecessor-version":[{"id":10697,"href":"https:\/\/www.actualidadadiario.com\/index.php\/wp-json\/wp\/v2\/posts\/10695\/revisions\/10697"}],"wp:featuredmedia":[{"embeddable":true,"href":"https:\/\/www.actualidadadiario.com\/index.php\/wp-json\/wp\/v2\/media\/10696"}],"wp:attachment":[{"href":"https:\/\/www.actualidadadiario.com\/index.php\/wp-json\/wp\/v2\/media?parent=10695"}],"wp:term":[{"taxonomy":"category","embeddable":true,"href":"https:\/\/www.actualidadadiario.com\/index.php\/wp-json\/wp\/v2\/categories?post=10695"},{"taxonomy":"post_tag","embeddable":true,"href":"https:\/\/www.actualidadadiario.com\/index.php\/wp-json\/wp\/v2\/tags?post=10695"}],"curies":[{"name":"wp","href":"https:\/\/api.w.org\/{rel}","templated":true}]}}