{"id":10689,"date":"2017-04-27T09:21:55","date_gmt":"2017-04-27T12:21:55","guid":{"rendered":"http:\/\/actualidadadiario.com\/site\/?p=10689"},"modified":"2017-04-27T09:21:55","modified_gmt":"2017-04-27T12:21:55","slug":"pena-la-argentina-y-eeuu-pueden-construir-una-relacion-de-equilibrio-protagonismo-sano-y-madurez","status":"publish","type":"post","link":"https:\/\/www.actualidadadiario.com\/index.php\/2017\/04\/27\/pena-la-argentina-y-eeuu-pueden-construir-una-relacion-de-equilibrio-protagonismo-sano-y-madurez\/","title":{"rendered":"Pe\u00f1a: &#8220;La Argentina y EEUU pueden construir una relaci\u00f3n de equilibrio, protagonismo sano y madurez&#8221;"},"content":{"rendered":"<p><em><strong>El jefe de Gabinete, Marcos Pe\u00f1a, dijo este mi\u00e9rcoles que Argentina busca lograr &#8220;una relaci\u00f3n de protagonismo sano y de madurez&#8221; con los Estados Unidos, as\u00ed como &#8220;seguir fortaleciendo&#8221; la relaci\u00f3n bilateral y &#8220;generando cables conectores en todas las l\u00edneas&#8221;<\/strong><\/em><\/p>\n<p>&nbsp;<\/p>\n<p>&nbsp;<\/p>\n<p>&nbsp;<\/p>\n<p>&nbsp;<\/p>\n<p>Al disertar en la Universidad de Georgetown, en Washington, Pe\u00f1a sostuvo que la expectativa con la que Argentina llegar\u00e1 ma\u00f1ana a la reuni\u00f3n que Mauricio Macri mantendr\u00e1 con su par norteamericano Donald Trump es la de &#8220;lograr ese equilibrio que nos ha costado tanto en nuestra historia, de una relaci\u00f3n de protagonismo sano y de madurez&#8221; entre los dos pa\u00edses.<\/p>\n<p>&nbsp;<\/p>\n<p>&#8220;El objetivo es seguir fortaleciendo la relaci\u00f3n y generando cables conectores en todas las l\u00edneas: empresarial, social, acad\u00e9mica, pol\u00edtica&#8221;, agreg\u00f3 Pe\u00f1a.<\/p>\n<p>&nbsp;<\/p>\n<p>&#8220;Necesitamos seguir fortaleciendo la confianza, que se deterior\u00f3 mucho, pero tambi\u00e9n tenemos que poder llamar la atenci\u00f3n positivamente. Ac\u00e1 hay una regi\u00f3n muy importante, cerca, con valores comunes, que por ah\u00ed no tiene las grandes guerras o flujos econ\u00f3micos que tienen otros lugares, pero que tiene un aporte importante para hacer&#8221;, detall\u00f3.<\/p>\n<p>&nbsp;<\/p>\n<p>En ese sentido, en referencia a una perspectiva de nivel regional, el funcionario sostuvo que &#8220;tenemos que ser capaces de estar m\u00e1s all\u00e1 de la coyuntura y poder entender c\u00f3mo tender m\u00e1s puentes&#8221;.<\/p>\n<p>&nbsp;<\/p>\n<p>Ante un p\u00fablico integrado principalmente por estudiantes, el Jefe de Gabinete -que arrib\u00f3 esta ma\u00f1ana a la capital norteamericana- afirm\u00f3 que a la Argentina &#8220;no le da lo mismo cualquier cosa&#8221; y, en ese contexto, el fortalecimiento de la regi\u00f3n &#8220;es una prioridad&#8221;.<\/p>\n<p>&nbsp;<\/p>\n<p>Por ello, el gobierno argentino tom\u00f3 &#8220;una postura clara&#8221; en temas claves que ocurren en la regi\u00f3n como Venezuela y en la defensa de los derechos humanos, seg\u00fan dijo el jefe de los ministros.<\/p>\n<p>&nbsp;<\/p>\n<p>Con relaci\u00f3n a la visi\u00f3n estrat\u00e9gica en el \u00e1mbito internacional, dijo que &#8220;una Argentina integrada al mundo tiene m\u00e1s posibilidades que una alejada del mundo&#8221; y para &#8220;maximizar las oportunidades&#8221; es necesario &#8220;llevarnos bien con todos&#8221; y desarrollar una &#8220;diversificaci\u00f3n de relaciones y agenda&#8221;.<\/p>\n<p>&nbsp;<\/p>\n<p>Al ser consultado por un acercamiento del pa\u00eds a la Alianza del Pac\u00edfico, Pe\u00f1a habl\u00f3 de una &#8220;convergencia&#8221; con esa agrupaci\u00f3n de pa\u00edses, aunque aclar\u00f3 que &#8220;el primer desaf\u00edo es completar la integraci\u00f3n del Mercosur&#8221; y luego, el siguiente paso &#8220;por proximidad&#8221; es poder empezar a converger en estructuras econ\u00f3micas con la Alianza del Pac\u00edfico.<\/p>\n<p>&nbsp;<\/p>\n<p>&#8220;Creemos que hay que romper con las falsas dicotom\u00edas o la ideologizaci\u00f3n de la integraci\u00f3n regional de pensar que es el Pac\u00edfico o el Atl\u00e1ntico. La realidad es que hoy es una realidad bioce\u00e1nica&#8221;, concluy\u00f3.<\/p>\n<p>&nbsp;<\/p>\n<p>Previo a la llegada de Mauricio Macri a Washington esta tarde, Pe\u00f1a se reuni\u00f3 con un grupo de cient\u00edficos, artistas y estudiantes argentinos residentes del \u00e1rea para luego sumarse a la comitiva presidencial.<\/p>\n<p>&nbsp;<\/p>\n<p>En tanto, este jueves formar\u00e1 parte de la delegaci\u00f3n que llegar\u00e1 a la Casa Blanca para la reuni\u00f3n bilateral ampliada y el almuerzo de trabajo que tendr\u00e1 lugar en la Sala de Gabinete, y luego se trasladar\u00e1 hacia el edificio del Capitolio para participar de las reuniones con senadores y legisladores locales que encabezar\u00e1 el presidente Macri.<\/p>\n","protected":false},"excerpt":{"rendered":"<p>El jefe de Gabinete, Marcos Pe\u00f1a, dijo este mi\u00e9rcoles que Argentina busca lograr &#8220;una relaci\u00f3n de protagonismo sano y de madurez&#8221; con los Estados Unidos, as\u00ed como &#8220;seguir fortaleciendo&#8221; la relaci\u00f3n bilateral y &#8220;generando cables conectores en todas las l\u00edneas&#8221; &nbsp; &nbsp; &nbsp; &nbsp; Al disertar en la Universidad de Georgetown, en Washington, Pe\u00f1a sostuvo que la expectativa con la que Argentina llegar\u00e1 ma\u00f1ana a la reuni\u00f3n que Mauricio Macri mantendr\u00e1 con su par norteamericano Donald Trump es la de &#8220;lograr ese equilibrio que nos ha costado tanto en nuestra&#8230;<\/p>\n","protected":false},"author":3,"featured_media":10690,"comment_status":"closed","ping_status":"closed","sticky":false,"template":"","format":"standard","meta":[],"categories":[18],"tags":[],"_links":{"self":[{"href":"https:\/\/www.actualidadadiario.com\/index.php\/wp-json\/wp\/v2\/posts\/10689"}],"collection":[{"href":"https:\/\/www.actualidadadiario.com\/index.php\/wp-json\/wp\/v2\/posts"}],"about":[{"href":"https:\/\/www.actualidadadiario.com\/index.php\/wp-json\/wp\/v2\/types\/post"}],"author":[{"embeddable":true,"href":"https:\/\/www.actualidadadiario.com\/index.php\/wp-json\/wp\/v2\/users\/3"}],"replies":[{"embeddable":true,"href":"https:\/\/www.actualidadadiario.com\/index.php\/wp-json\/wp\/v2\/comments?post=10689"}],"version-history":[{"count":1,"href":"https:\/\/www.actualidadadiario.com\/index.php\/wp-json\/wp\/v2\/posts\/10689\/revisions"}],"predecessor-version":[{"id":10691,"href":"https:\/\/www.actualidadadiario.com\/index.php\/wp-json\/wp\/v2\/posts\/10689\/revisions\/10691"}],"wp:featuredmedia":[{"embeddable":true,"href":"https:\/\/www.actualidadadiario.com\/index.php\/wp-json\/wp\/v2\/media\/10690"}],"wp:attachment":[{"href":"https:\/\/www.actualidadadiario.com\/index.php\/wp-json\/wp\/v2\/media?parent=10689"}],"wp:term":[{"taxonomy":"category","embeddable":true,"href":"https:\/\/www.actualidadadiario.com\/index.php\/wp-json\/wp\/v2\/categories?post=10689"},{"taxonomy":"post_tag","embeddable":true,"href":"https:\/\/www.actualidadadiario.com\/index.php\/wp-json\/wp\/v2\/tags?post=10689"}],"curies":[{"name":"wp","href":"https:\/\/api.w.org\/{rel}","templated":true}]}}