{"id":10683,"date":"2017-04-27T09:20:11","date_gmt":"2017-04-27T12:20:11","guid":{"rendered":"http:\/\/actualidadadiario.com\/site\/?p=10683"},"modified":"2017-04-27T09:20:11","modified_gmt":"2017-04-27T12:20:11","slug":"insolito-macri-inauguro-una-planta-de-tenaris-con-600-nuevos-empleados-pero-en-ee-uu","status":"publish","type":"post","link":"https:\/\/www.actualidadadiario.com\/index.php\/2017\/04\/27\/insolito-macri-inauguro-una-planta-de-tenaris-con-600-nuevos-empleados-pero-en-ee-uu\/","title":{"rendered":"Ins\u00f3lito: Macri inaugur\u00f3 una planta de Tenaris con 600 nuevos empleados pero en EE.UU"},"content":{"rendered":"<p><em><strong>En su gira por el pa\u00eds, el presidente recorri\u00f3 junto al empresario Paolo Rocca la planta mientras en Argentina la compa\u00f1\u00eda recort\u00f3 puestos de trabajo y ech\u00f3 empleados<\/strong><\/em><\/p>\n<p>&nbsp;<\/p>\n<p>&nbsp;<\/p>\n<p>&nbsp;<\/p>\n<p>El presidente de la Naci\u00f3n, Mauricio Macri, recorri\u00f3 la ampliaci\u00f3n de la planta de Tenaris. La compa\u00f1\u00eda, con inversores argentinos de Techint, ampli\u00f3 su producci\u00f3n de tubos de acero sin costura para la extracci\u00f3n de hidrocarburos, sin embargo en Argentina recort\u00f3 puestos de trabajo y ech\u00f3 empleados.<\/p>\n<p>&nbsp;<\/p>\n<p>La nueva f\u00e1brica contar\u00e1 con 600 nuevos empleados y necesit\u00f3 de la inversi\u00f3n de 1.800 millones de d\u00f3lares. Macri recorri\u00f3 la compa\u00f1\u00eda junto al CEO de Techint, Paolo Rocca.<\/p>\n<p>&nbsp;<\/p>\n<p>Sin embargo, la empresa Techint despidi\u00f3 a fines de marzo pasado a trabajadores de la planta de Campana por la crisis econ\u00f3mica que atraviesa el sector en la Argentina.<\/p>\n<p>&nbsp;<\/p>\n<p>En 2016, la empresa Tenaris Siat -Grupo Techint- ubicada en Valent\u00edn Alsina hab\u00eda despedido a 15 trabajadores de planta con entre 10 y 30 a\u00f1os de antig\u00fcedad.<\/p>\n<p>&nbsp;<\/p>\n<p>Tambi\u00e9n durante el a\u00f1o pasado hubo despidos en San Nicol\u00e1s.<\/p>\n","protected":false},"excerpt":{"rendered":"<p>En su gira por el pa\u00eds, el presidente recorri\u00f3 junto al empresario Paolo Rocca la planta mientras en Argentina la compa\u00f1\u00eda recort\u00f3 puestos de trabajo y ech\u00f3 empleados &nbsp; &nbsp; &nbsp; El presidente de la Naci\u00f3n, Mauricio Macri, recorri\u00f3 la ampliaci\u00f3n de la planta de Tenaris. La compa\u00f1\u00eda, con inversores argentinos de Techint, ampli\u00f3 su producci\u00f3n de tubos de acero sin costura para la extracci\u00f3n de hidrocarburos, sin embargo en Argentina recort\u00f3 puestos de trabajo y ech\u00f3 empleados. &nbsp; La nueva f\u00e1brica contar\u00e1 con 600 nuevos empleados y necesit\u00f3 de&#8230;<\/p>\n","protected":false},"author":3,"featured_media":10684,"comment_status":"closed","ping_status":"closed","sticky":false,"template":"","format":"standard","meta":[],"categories":[9],"tags":[],"_links":{"self":[{"href":"https:\/\/www.actualidadadiario.com\/index.php\/wp-json\/wp\/v2\/posts\/10683"}],"collection":[{"href":"https:\/\/www.actualidadadiario.com\/index.php\/wp-json\/wp\/v2\/posts"}],"about":[{"href":"https:\/\/www.actualidadadiario.com\/index.php\/wp-json\/wp\/v2\/types\/post"}],"author":[{"embeddable":true,"href":"https:\/\/www.actualidadadiario.com\/index.php\/wp-json\/wp\/v2\/users\/3"}],"replies":[{"embeddable":true,"href":"https:\/\/www.actualidadadiario.com\/index.php\/wp-json\/wp\/v2\/comments?post=10683"}],"version-history":[{"count":1,"href":"https:\/\/www.actualidadadiario.com\/index.php\/wp-json\/wp\/v2\/posts\/10683\/revisions"}],"predecessor-version":[{"id":10685,"href":"https:\/\/www.actualidadadiario.com\/index.php\/wp-json\/wp\/v2\/posts\/10683\/revisions\/10685"}],"wp:featuredmedia":[{"embeddable":true,"href":"https:\/\/www.actualidadadiario.com\/index.php\/wp-json\/wp\/v2\/media\/10684"}],"wp:attachment":[{"href":"https:\/\/www.actualidadadiario.com\/index.php\/wp-json\/wp\/v2\/media?parent=10683"}],"wp:term":[{"taxonomy":"category","embeddable":true,"href":"https:\/\/www.actualidadadiario.com\/index.php\/wp-json\/wp\/v2\/categories?post=10683"},{"taxonomy":"post_tag","embeddable":true,"href":"https:\/\/www.actualidadadiario.com\/index.php\/wp-json\/wp\/v2\/tags?post=10683"}],"curies":[{"name":"wp","href":"https:\/\/api.w.org\/{rel}","templated":true}]}}