{"id":10680,"date":"2017-04-27T09:19:27","date_gmt":"2017-04-27T12:19:27","guid":{"rendered":"http:\/\/actualidadadiario.com\/site\/?p=10680"},"modified":"2017-04-27T09:19:27","modified_gmt":"2017-04-27T12:19:27","slug":"pulsean-nacion-y-santa-cruz-hoy-por-ajuste-del-deficit","status":"publish","type":"post","link":"https:\/\/www.actualidadadiario.com\/index.php\/2017\/04\/27\/pulsean-nacion-y-santa-cruz-hoy-por-ajuste-del-deficit\/","title":{"rendered":"Pulsean Naci\u00f3n y Santa Cruz hoy por ajuste del d\u00e9ficit"},"content":{"rendered":"<p><em><strong>En medio de protestas, Alicia Kirchner insiste en que no despedir\u00e1 gente ni retocar\u00e1 Caja de Jubilaciones. \u201cSe parecen al FMI\u201d, dicen<\/strong><\/em><\/p>\n<p>&nbsp;<\/p>\n<p>&nbsp;<\/p>\n<p>&nbsp;<\/p>\n<p>En medio de una escalada de protestas que va in crescendo, la tensa crisis que atraviesa Santa Cruz tendr\u00e1 un cap\u00edtulo clave hoy, cuando el Gobierno de Mauricio Macri reciba a funcionarios de la gobernadora Alicia Kirchner (FpV) para negociar un plan gradual de control del d\u00e9ficit, paso clave para destrabar una asistencia financiera nacional amplia.<\/p>\n<p>&nbsp;<\/p>\n<p>Desde el Ejecutivo santacruce\u00f1o dejaron en claro que no avanzar\u00e1n en despidos de estatales ni en cambios en el sistema previsional como moneda de ajuste.<\/p>\n<p>&nbsp;<\/p>\n<p>El encuentro se desarrollar\u00e1 en el ex edificio BANADE, en Buenos Aires, y tendr\u00e1 como anfitri\u00f3n al secretario de Provincias del Ministerio del Interior, Alejandro Caldarelli y parte del equipo del ministro Rogelio Frigerio, mientras que a la mesa esperan al titular de Econom\u00eda, Juan Donnini, quien qued\u00f3 atrapado en su despacho en R\u00edo Gallegos varias horas -durmi\u00f3 all\u00ed en la noche del martes- por una protesta de docentes que ocup\u00f3 la sede de ese ministerio, y que continuaba ayer.<\/p>\n<p>&nbsp;<\/p>\n<p>En c\u00edrculos nacionales confiaban ayer en recibir hoy -de parte de Santa Cruz- &#8220;una propuesta de equilibrio fiscal de cara al 2018\/19&#8221;, para en base a eso &#8220;trabajar en un plan asistencia&#8221;. Se trata -tal como inform\u00f3 ayer \u00c1mbito Financiero- del requisito que deben cumplir los gobernadores que pretenden refinanciar su deuda con Naci\u00f3n, en un programa que incluye como contrapartida una reducci\u00f3n gradual del d\u00e9ficit.<\/p>\n<p>&nbsp;<\/p>\n<p>En el caso de Santa Cruz ese plazo expira el 17 de mayo y se convierte en vital, ya que de ser aprobado por Naci\u00f3n abrir\u00e1 el paso a, entre otros ejes, una refinanciaci\u00f3n este a\u00f1o de vencimientos de deuda por m\u00e1s de $800 millones y el aval a un inminente pr\u00e9stamo del Banco Naci\u00f3n por $850 millones y a la colocaci\u00f3n de un bono por u$s350 millones.<\/p>\n<p>&nbsp;<\/p>\n<p>El tel\u00f3n de fondo es delicado: frente a los atrasos salariales -la mandataria adeuda a\u00fan buena parte de los sueldos de marzo y no hubo una recomposici\u00f3n salarial-, la provincia se encuentra paralizada por los paros.<\/p>\n<p>&nbsp;<\/p>\n<p>De hecho, las clases virtualmente no comenzaron -ayer los maestros cumplieron 30 d\u00edas de huelga-, y est\u00e1n diezmadas la Salud y la Justicia, mientras que la grilla de tomas de edificios p\u00fablicos se engrosa d\u00eda a d\u00eda. En paralelo, hoy una nueva movilizaci\u00f3n paralizar\u00e1 R\u00edo Gallegos (ver p\u00e1gina 18).<\/p>\n<p>&nbsp;<\/p>\n<p>En medio de denuncias desde el kirchnerismo -con Cristina de Kirchner como vocera- respecto de un supuesto intento de &#8220;ahogo&#8221; financiero a la provincia, en las \u00faltimas horas tanto la exministra de Desarrollo Social como varios de sus ministros dejaron en claro que no disparar\u00e1n despidos en la planta de estatales para reducir el d\u00e9ficit provincial, que cerr\u00f3 en $4.300 millones en 2016, un monto que a fin de este a\u00f1o escalar\u00eda a $5.700.<\/p>\n<p>&nbsp;<\/p>\n<p>Tambi\u00e9n se mantienen firmes en la decisi\u00f3n de no armonizar el sistema previsional provincial con el nacional para enfrentar el d\u00e9ficit de la Caja.<\/p>\n<p>&nbsp;<\/p>\n<p>Uno de los voceros ayer fue el vicegobernador Pablo Gonz\u00e1lez, quien remarc\u00f3 que si bien est\u00e1n &#8220;dispuestos a discutir todo&#8221;, de la crisis &#8220;se puede salir con crecimiento, no s\u00f3lo con achique&#8221;.<\/p>\n<p>&nbsp;<\/p>\n<p>Adem\u00e1s enfatiz\u00f3 que esperan &#8220;que no sea cierto que una de las condiciones es que la provincia modifique el sistema previsional&#8221;.<\/p>\n<p>&nbsp;<\/p>\n<p>&#8220;Las condiciones que nos est\u00e1n imponiendo me hacen acordar a las del FMI con la Argentina no hace muchos a\u00f1os, y todos sabemos c\u00f3mo termin\u00f3 la historia&#8221;, areng\u00f3. En esa l\u00ednea, pidi\u00f3 tener en cuenta la par\u00e1lisis de obras p\u00fablicas nacionales y la crisis del sector hidrocarbur\u00edfero.<\/p>\n<p>&nbsp;<\/p>\n<p>&#8220;Despu\u00e9s discutimos todo lo que quieran, el tema de la corrupci\u00f3n lo discutimos, pero tambi\u00e9n hay que ver en qu\u00e9 contexto est\u00e1 pasando lo que est\u00e1 pasando&#8221;, dijo, en una agenda en la que incluy\u00f3 adem\u00e1s la exigencia de la Casa Rosada de terminar con la pol\u00e9mica Ley de Lemas, por la cual precisamente gan\u00f3 Alicia Kirchner en 2015, pese a que el radical Eduardo Costa fue el candidato a gobernador m\u00e1s votado.<\/p>\n","protected":false},"excerpt":{"rendered":"<p>En medio de protestas, Alicia Kirchner insiste en que no despedir\u00e1 gente ni retocar\u00e1 Caja de Jubilaciones. \u201cSe parecen al FMI\u201d, dicen &nbsp; &nbsp; &nbsp; En medio de una escalada de protestas que va in crescendo, la tensa crisis que atraviesa Santa Cruz tendr\u00e1 un cap\u00edtulo clave hoy, cuando el Gobierno de Mauricio Macri reciba a funcionarios de la gobernadora Alicia Kirchner (FpV) para negociar un plan gradual de control del d\u00e9ficit, paso clave para destrabar una asistencia financiera nacional amplia. &nbsp; Desde el Ejecutivo santacruce\u00f1o dejaron en claro que&#8230;<\/p>\n","protected":false},"author":3,"featured_media":10681,"comment_status":"closed","ping_status":"closed","sticky":false,"template":"","format":"standard","meta":[],"categories":[2],"tags":[],"_links":{"self":[{"href":"https:\/\/www.actualidadadiario.com\/index.php\/wp-json\/wp\/v2\/posts\/10680"}],"collection":[{"href":"https:\/\/www.actualidadadiario.com\/index.php\/wp-json\/wp\/v2\/posts"}],"about":[{"href":"https:\/\/www.actualidadadiario.com\/index.php\/wp-json\/wp\/v2\/types\/post"}],"author":[{"embeddable":true,"href":"https:\/\/www.actualidadadiario.com\/index.php\/wp-json\/wp\/v2\/users\/3"}],"replies":[{"embeddable":true,"href":"https:\/\/www.actualidadadiario.com\/index.php\/wp-json\/wp\/v2\/comments?post=10680"}],"version-history":[{"count":1,"href":"https:\/\/www.actualidadadiario.com\/index.php\/wp-json\/wp\/v2\/posts\/10680\/revisions"}],"predecessor-version":[{"id":10682,"href":"https:\/\/www.actualidadadiario.com\/index.php\/wp-json\/wp\/v2\/posts\/10680\/revisions\/10682"}],"wp:featuredmedia":[{"embeddable":true,"href":"https:\/\/www.actualidadadiario.com\/index.php\/wp-json\/wp\/v2\/media\/10681"}],"wp:attachment":[{"href":"https:\/\/www.actualidadadiario.com\/index.php\/wp-json\/wp\/v2\/media?parent=10680"}],"wp:term":[{"taxonomy":"category","embeddable":true,"href":"https:\/\/www.actualidadadiario.com\/index.php\/wp-json\/wp\/v2\/categories?post=10680"},{"taxonomy":"post_tag","embeddable":true,"href":"https:\/\/www.actualidadadiario.com\/index.php\/wp-json\/wp\/v2\/tags?post=10680"}],"curies":[{"name":"wp","href":"https:\/\/api.w.org\/{rel}","templated":true}]}}