{"id":10672,"date":"2017-04-27T09:16:50","date_gmt":"2017-04-27T12:16:50","guid":{"rendered":"http:\/\/actualidadadiario.com\/site\/?p=10672"},"modified":"2017-04-27T09:16:50","modified_gmt":"2017-04-27T12:16:50","slug":"cae-el-empleo-en-el-sector-privado-y-aumentan-los-monotributistas-sociales","status":"publish","type":"post","link":"https:\/\/www.actualidadadiario.com\/index.php\/2017\/04\/27\/cae-el-empleo-en-el-sector-privado-y-aumentan-los-monotributistas-sociales\/","title":{"rendered":"Cae el empleo en el sector privado y aumentan los monotributistas sociales"},"content":{"rendered":"<p><em><strong>La cartera laboral que conduce Jorge Triaca puso blanco sobre negro: la promesa de empleo genuino no se verifica en la realidad; por el contrario, en un a\u00f1o se perdieron 23.200 puestos de trabajo<\/strong><\/em><\/p>\n<p>&nbsp;<\/p>\n<p>&nbsp;<\/p>\n<p>&nbsp;<\/p>\n<p>El Ministerio de Trabajo de la Naci\u00f3n inform\u00f3 este mi\u00e9rcoles que en febrero se contabilizaron un total de 12,1 millones de trabajadores registrados, de acuerdo al Sistema Integrado Previsional Argentino (SIPA); ello implica una suba de 1,2 por ciento respecto a igual mes de 2016.<\/p>\n<p>&nbsp;<\/p>\n<p>Sin embargo, ese crecimiento se verific\u00f3 principalmente en dos segmentos: el empleo p\u00fablico, por un lado, y los monotributistas y monotributistas sociales, debido a que el empleo formal en el sector privado verific\u00f3 una ca\u00edda en febrero del 0,4 por ciento respecto de igual mes del a\u00f1o anterior.<\/p>\n<p>&nbsp;<\/p>\n<p>En concreto, entre febrero de 2016 y febrero \u00faltimo se perdieron 23.200 puestos de trabajo en empresas del sector privado, seg\u00fan las precisiones de la cartera laboral a cargo de Jorge Triaca; una ca\u00edda interanual del 0,4 por ciento, dando por tierra con los anuncios oficiales de creaci\u00f3n de empleo genuino.<\/p>\n<p>&nbsp;<\/p>\n<p>Eso explica, al mismo tiempo y como la otra cara de la misma moneda, que el mayor crecimiento se haya dado entre los monotributistas sociales: 25.000 m\u00e1s que el mismo mes del a\u00f1o pasado, es decir una suba interanual del 7 por ciento.<\/p>\n<p>&nbsp;<\/p>\n<p>Y con relaci\u00f3n al empleo en el sector p\u00fablico, vale advertir que su crecimiento se concentr\u00f3 en el \u00e1mbito provincial, al tiempo que se observ\u00f3 una &#8220;marcada desaceleraci\u00f3n&#8221; en el ritmo de expansi\u00f3n en el \u00e1rea nacional.<\/p>\n<p>&nbsp;<\/p>\n<p>La \u201cdistribuci\u00f3n del total del empleo p\u00fablico se encuentra configurada por el hecho de que los Estados provinciales tienen a su cargo el sistema educativo, la seguridad y la salud p\u00fablica correspondiente a sus respectivas jurisdicciones&#8221;, explica el informe del Ministerio de Trabajo.<\/p>\n","protected":false},"excerpt":{"rendered":"<p>La cartera laboral que conduce Jorge Triaca puso blanco sobre negro: la promesa de empleo genuino no se verifica en la realidad; por el contrario, en un a\u00f1o se perdieron 23.200 puestos de trabajo &nbsp; &nbsp; &nbsp; El Ministerio de Trabajo de la Naci\u00f3n inform\u00f3 este mi\u00e9rcoles que en febrero se contabilizaron un total de 12,1 millones de trabajadores registrados, de acuerdo al Sistema Integrado Previsional Argentino (SIPA); ello implica una suba de 1,2 por ciento respecto a igual mes de 2016. &nbsp; Sin embargo, ese crecimiento se verific\u00f3 principalmente&#8230;<\/p>\n","protected":false},"author":3,"featured_media":10673,"comment_status":"closed","ping_status":"closed","sticky":false,"template":"","format":"standard","meta":[],"categories":[2],"tags":[],"_links":{"self":[{"href":"https:\/\/www.actualidadadiario.com\/index.php\/wp-json\/wp\/v2\/posts\/10672"}],"collection":[{"href":"https:\/\/www.actualidadadiario.com\/index.php\/wp-json\/wp\/v2\/posts"}],"about":[{"href":"https:\/\/www.actualidadadiario.com\/index.php\/wp-json\/wp\/v2\/types\/post"}],"author":[{"embeddable":true,"href":"https:\/\/www.actualidadadiario.com\/index.php\/wp-json\/wp\/v2\/users\/3"}],"replies":[{"embeddable":true,"href":"https:\/\/www.actualidadadiario.com\/index.php\/wp-json\/wp\/v2\/comments?post=10672"}],"version-history":[{"count":1,"href":"https:\/\/www.actualidadadiario.com\/index.php\/wp-json\/wp\/v2\/posts\/10672\/revisions"}],"predecessor-version":[{"id":10674,"href":"https:\/\/www.actualidadadiario.com\/index.php\/wp-json\/wp\/v2\/posts\/10672\/revisions\/10674"}],"wp:featuredmedia":[{"embeddable":true,"href":"https:\/\/www.actualidadadiario.com\/index.php\/wp-json\/wp\/v2\/media\/10673"}],"wp:attachment":[{"href":"https:\/\/www.actualidadadiario.com\/index.php\/wp-json\/wp\/v2\/media?parent=10672"}],"wp:term":[{"taxonomy":"category","embeddable":true,"href":"https:\/\/www.actualidadadiario.com\/index.php\/wp-json\/wp\/v2\/categories?post=10672"},{"taxonomy":"post_tag","embeddable":true,"href":"https:\/\/www.actualidadadiario.com\/index.php\/wp-json\/wp\/v2\/tags?post=10672"}],"curies":[{"name":"wp","href":"https:\/\/api.w.org\/{rel}","templated":true}]}}