{"id":10661,"date":"2017-04-27T09:13:00","date_gmt":"2017-04-27T12:13:00","guid":{"rendered":"http:\/\/actualidadadiario.com\/site\/?p=10661"},"modified":"2017-04-27T09:13:00","modified_gmt":"2017-04-27T12:13:00","slug":"con-busti-cerca-de-bordet-el-massismo-apunta-a-leissa","status":"publish","type":"post","link":"https:\/\/www.actualidadadiario.com\/index.php\/2017\/04\/27\/con-busti-cerca-de-bordet-el-massismo-apunta-a-leissa\/","title":{"rendered":"Con Busti cerca de Bordet, el massismo apunta a Leissa"},"content":{"rendered":"<p><em><strong>Es &#8220;un peronista muy bien visto por la gente del GEN y el independiente&#8221;, sintetiz\u00f3 el diputado Bahler que tambi\u00e9n elogi\u00f3 a Mart\u00ednez Garbino. Cuestion\u00f3 los &#8220;pactos dirigenciales&#8221; entre el ex gobernador y el actual<\/strong><\/em><\/p>\n<p>&nbsp;<\/p>\n<p>&nbsp;<\/p>\n<p>Con Jorge Busti pr\u00e1cticamente afuera, la fuerza de Sergio Massa en Entre R\u00edos intenta posicionarse como la propuesta peronista opositora o cr\u00edtica. As\u00ed lo anticipa el diputado provincial Alejandro Bahler, una de las caras m\u00e1s visibles del massismo en la provincial.<\/p>\n<p>&nbsp;<\/p>\n<p>&#8220;Vamos a presentar una lista que represente a todos aquellos que est\u00e1n en desacuerdo con pactos dirigenciales como estamos viendo que se est\u00e1n dando en las \u00faltimas horas&#8221;, dijo el legislador de Concordia, sin dar nombres, aunque en evidente alusi\u00f3n al acuerdo entre Gustavo Bordet y Jorge Busti para constituir un frente electoral.<\/p>\n<p>&nbsp;<\/p>\n<p>&#8220;Hay muchos peronistas que no est\u00e1n de acuerdo con estas cosas, eso por un lado. Por el otro hay un electorado que se frustr\u00f3 con Cambiemos, como la gente del GEN, que en Buenos Aires ya est\u00e1 trabajando con Massa y a nosotros nos gustar\u00eda replicar ac\u00e1&#8221;, se entusiasm\u00f3.<\/p>\n<p>&nbsp;<\/p>\n<p>Destac\u00f3 que &#8220;ese frente con peronistas desencantados de los acuerdos de c\u00fapula y los militantes que apoyaron a Cambiemos y hoy dieron un paso al costado vamos a constituir una alternativa&#8221;, resumi\u00f3.<\/p>\n<p>&nbsp;<\/p>\n<p>Describi\u00f3 el panorama electoral actual: &#8220;hay un oficialismo en el que los compa\u00f1eros est\u00e1n esperando una conducci\u00f3n que no llega; est\u00e1 Cambiemos que ha defraudado y nosotros. A todos ellos queremos representar&#8221;, insisti\u00f3.<\/p>\n<p>&nbsp;<\/p>\n<p>Dijo, sobre la cabeza de la lista, que &#8220;la idea es buscar un candidato que sintetice a todas las expresiones, por ejemplo Luis Leissa, un peronista muy bien visto por la gente del GEN y el impediente&#8221;, ejemplific\u00f3 y tambi\u00e9n nombr\u00f3 a Emilio Mart\u00ednez Garbino.<\/p>\n","protected":false},"excerpt":{"rendered":"<p>Es &#8220;un peronista muy bien visto por la gente del GEN y el independiente&#8221;, sintetiz\u00f3 el diputado Bahler que tambi\u00e9n elogi\u00f3 a Mart\u00ednez Garbino. Cuestion\u00f3 los &#8220;pactos dirigenciales&#8221; entre el ex gobernador y el actual &nbsp; &nbsp; Con Jorge Busti pr\u00e1cticamente afuera, la fuerza de Sergio Massa en Entre R\u00edos intenta posicionarse como la propuesta peronista opositora o cr\u00edtica. As\u00ed lo anticipa el diputado provincial Alejandro Bahler, una de las caras m\u00e1s visibles del massismo en la provincial. &nbsp; &#8220;Vamos a presentar una lista que represente a todos aquellos que&#8230;<\/p>\n","protected":false},"author":3,"featured_media":10662,"comment_status":"closed","ping_status":"closed","sticky":false,"template":"","format":"standard","meta":[],"categories":[15],"tags":[],"_links":{"self":[{"href":"https:\/\/www.actualidadadiario.com\/index.php\/wp-json\/wp\/v2\/posts\/10661"}],"collection":[{"href":"https:\/\/www.actualidadadiario.com\/index.php\/wp-json\/wp\/v2\/posts"}],"about":[{"href":"https:\/\/www.actualidadadiario.com\/index.php\/wp-json\/wp\/v2\/types\/post"}],"author":[{"embeddable":true,"href":"https:\/\/www.actualidadadiario.com\/index.php\/wp-json\/wp\/v2\/users\/3"}],"replies":[{"embeddable":true,"href":"https:\/\/www.actualidadadiario.com\/index.php\/wp-json\/wp\/v2\/comments?post=10661"}],"version-history":[{"count":1,"href":"https:\/\/www.actualidadadiario.com\/index.php\/wp-json\/wp\/v2\/posts\/10661\/revisions"}],"predecessor-version":[{"id":10663,"href":"https:\/\/www.actualidadadiario.com\/index.php\/wp-json\/wp\/v2\/posts\/10661\/revisions\/10663"}],"wp:featuredmedia":[{"embeddable":true,"href":"https:\/\/www.actualidadadiario.com\/index.php\/wp-json\/wp\/v2\/media\/10662"}],"wp:attachment":[{"href":"https:\/\/www.actualidadadiario.com\/index.php\/wp-json\/wp\/v2\/media?parent=10661"}],"wp:term":[{"taxonomy":"category","embeddable":true,"href":"https:\/\/www.actualidadadiario.com\/index.php\/wp-json\/wp\/v2\/categories?post=10661"},{"taxonomy":"post_tag","embeddable":true,"href":"https:\/\/www.actualidadadiario.com\/index.php\/wp-json\/wp\/v2\/tags?post=10661"}],"curies":[{"name":"wp","href":"https:\/\/api.w.org\/{rel}","templated":true}]}}