{"id":10658,"date":"2017-04-27T09:12:12","date_gmt":"2017-04-27T12:12:12","guid":{"rendered":"http:\/\/actualidadadiario.com\/site\/?p=10658"},"modified":"2017-04-27T09:12:12","modified_gmt":"2017-04-27T12:12:12","slug":"fiscalia-descarto-abuso-en-el-caso-de-la-beba-de-concepcion","status":"publish","type":"post","link":"https:\/\/www.actualidadadiario.com\/index.php\/2017\/04\/27\/fiscalia-descarto-abuso-en-el-caso-de-la-beba-de-concepcion\/","title":{"rendered":"Fiscal\u00eda descart\u00f3 abuso en el caso de la beba de Concepci\u00f3n"},"content":{"rendered":"<p><em><strong>El gobierno inform\u00f3 que el Copnaf adopta medidas de rehabilitaci\u00f3n de derechos, luego de que se haya desacreditado la existencia de un delito penal<\/strong><\/em><\/p>\n<p>&nbsp;<\/p>\n<p>&nbsp;<\/p>\n<p>&nbsp;<\/p>\n<p>La Unidad Fiscal de Concepci\u00f3n del Uruguay, en un comunicado de prensa, descart\u00f3 la comisi\u00f3n de un delito penal en perjuicio de la beba internada en el hospital Urquiza y neg\u00f3 las sospechas de que haya sufrido abuso sexual.<\/p>\n<p>&nbsp;<\/p>\n<p>Ante esto, el gobierno provincial inform\u00f3 que se continuar\u00e1 trabajando coordinada y articuladamente en pos de la restituci\u00f3n de derechos de todo el grupo familiar involucrado, a trav\u00e9s de los organismos intervinientes: el Ministerio de Salud y el Consejo Provincial del Ni\u00f1o, el Adolescente y la Familia (Copnaf).<\/p>\n<p>&nbsp;<\/p>\n<p>Desde el \u00e1rea de Salud, ante el ingreso de la peque\u00f1a a la guardia del Hospital Justo Jos\u00e9 de Urquiza con presunta vulneraci\u00f3n de derechos, se actu\u00f3 de acuerdo al protocolo establecido, se indic\u00f3. De esta forma se comunic\u00f3 la situaci\u00f3n al Consejo Provincial del Ni\u00f1o, el Adolescente y la Familia y a la Fiscal\u00eda correspondiente para que tomaran intervenci\u00f3n.<\/p>\n<p>&nbsp;<\/p>\n<p>A su vez, desde el punto de vista estrictamente sanitario, se se\u00f1al\u00f3 desde el gobierno que a la paciente se le realizaron los estudios en el nosocomio y de acuerdo a los resultados se le inici\u00f3 un tratamiento, que contin\u00faa hasta el momento.<\/p>\n<p>&nbsp;<\/p>\n<p>Seg\u00fan prev\u00e9 el protocolo de actuaci\u00f3n, la beba fue atendida en la guardia del hospital, evaluada por profesionales y se inici\u00f3 con el tratamiento correspondiente.<\/p>\n<p>&nbsp;<\/p>\n<p>El Copnaf tom\u00f3 intervenci\u00f3n a trav\u00e9s de llamado telef\u00f3nico a la guardia del organismo. Se inform\u00f3 que &#8220;inmediatamente&#8221; se hizo presente el personal y comenz\u00f3 el abordaje de la situaci\u00f3n mientras la ni\u00f1a permanece internada por motivos m\u00e9dicos.<\/p>\n<p>&nbsp;<\/p>\n<p>&#8220;Despejada toda posibilidad de delito penal el Copnaf seguir\u00e1 trabajando, como ya lo ven\u00eda haciendo, en el marco del sistema de protecci\u00f3n integral adoptando las medidas de restituci\u00f3n y rehabilitaci\u00f3n de derechos que son de su competencia as\u00ed como articulando con los organismos corresponsables en esta situaci\u00f3n&#8221;, manifestaron desde el gobierno.<\/p>\n","protected":false},"excerpt":{"rendered":"<p>El gobierno inform\u00f3 que el Copnaf adopta medidas de rehabilitaci\u00f3n de derechos, luego de que se haya desacreditado la existencia de un delito penal &nbsp; &nbsp; &nbsp; La Unidad Fiscal de Concepci\u00f3n del Uruguay, en un comunicado de prensa, descart\u00f3 la comisi\u00f3n de un delito penal en perjuicio de la beba internada en el hospital Urquiza y neg\u00f3 las sospechas de que haya sufrido abuso sexual. &nbsp; Ante esto, el gobierno provincial inform\u00f3 que se continuar\u00e1 trabajando coordinada y articuladamente en pos de la restituci\u00f3n de derechos de todo el&#8230;<\/p>\n","protected":false},"author":3,"featured_media":10659,"comment_status":"closed","ping_status":"closed","sticky":false,"template":"","format":"standard","meta":[],"categories":[15],"tags":[],"_links":{"self":[{"href":"https:\/\/www.actualidadadiario.com\/index.php\/wp-json\/wp\/v2\/posts\/10658"}],"collection":[{"href":"https:\/\/www.actualidadadiario.com\/index.php\/wp-json\/wp\/v2\/posts"}],"about":[{"href":"https:\/\/www.actualidadadiario.com\/index.php\/wp-json\/wp\/v2\/types\/post"}],"author":[{"embeddable":true,"href":"https:\/\/www.actualidadadiario.com\/index.php\/wp-json\/wp\/v2\/users\/3"}],"replies":[{"embeddable":true,"href":"https:\/\/www.actualidadadiario.com\/index.php\/wp-json\/wp\/v2\/comments?post=10658"}],"version-history":[{"count":1,"href":"https:\/\/www.actualidadadiario.com\/index.php\/wp-json\/wp\/v2\/posts\/10658\/revisions"}],"predecessor-version":[{"id":10660,"href":"https:\/\/www.actualidadadiario.com\/index.php\/wp-json\/wp\/v2\/posts\/10658\/revisions\/10660"}],"wp:featuredmedia":[{"embeddable":true,"href":"https:\/\/www.actualidadadiario.com\/index.php\/wp-json\/wp\/v2\/media\/10659"}],"wp:attachment":[{"href":"https:\/\/www.actualidadadiario.com\/index.php\/wp-json\/wp\/v2\/media?parent=10658"}],"wp:term":[{"taxonomy":"category","embeddable":true,"href":"https:\/\/www.actualidadadiario.com\/index.php\/wp-json\/wp\/v2\/categories?post=10658"},{"taxonomy":"post_tag","embeddable":true,"href":"https:\/\/www.actualidadadiario.com\/index.php\/wp-json\/wp\/v2\/tags?post=10658"}],"curies":[{"name":"wp","href":"https:\/\/api.w.org\/{rel}","templated":true}]}}