{"id":10655,"date":"2017-04-27T09:11:23","date_gmt":"2017-04-27T12:11:23","guid":{"rendered":"http:\/\/actualidadadiario.com\/site\/?p=10655"},"modified":"2017-04-27T09:11:23","modified_gmt":"2017-04-27T12:11:23","slug":"garavano-llega-a-entre-rios-para-implementar-las-pulseras-electronicas","status":"publish","type":"post","link":"https:\/\/www.actualidadadiario.com\/index.php\/2017\/04\/27\/garavano-llega-a-entre-rios-para-implementar-las-pulseras-electronicas\/","title":{"rendered":"Garavano llega a Entre R\u00edos para implementar las pulseras electr\u00f3nicas"},"content":{"rendered":"<p><em><strong>Visitar\u00e1 la provincia este viernes para firmar acuerdos para capacitaci\u00f3n en el Superior Tribunal de Justicia y participar del Consejo de prevenci\u00f3n de la trata. Tambi\u00e9n ser\u00e1 recibido por el gobernador Gustavo Bordet<\/strong><\/em><\/p>\n<p>&nbsp;<\/p>\n<p>&nbsp;<\/p>\n<p>&nbsp;<\/p>\n<p>El ministro de Justicia y Derechos Humanos, Germ\u00e1n Garavano, visitar\u00e1 esta semana las provincias de Santa Fe y Entre R\u00edos donde participar\u00e1 de distintas actividades con autoridades y magistrados y firmar\u00e1 acuerdos para el fortalecimiento de las justicias provinciales, se inform\u00f3 en un comunicado oficial.<\/p>\n<p>&nbsp;<\/p>\n<p>El viernes en Paran\u00e1 el ministro visitar\u00e1 el Superior Tribunal de Justicia de Entre R\u00edos y firmar\u00e1 un convenio de cooperaci\u00f3n con la presidenta del organismo, Claudia Mizawak, para implementar proyectos, estudios y capacitaciones conjuntas e intercambiar informaci\u00f3n, con el objetivo de mejorar y optimizar el servicio de justicia. La iniciativa servir\u00e1 para impulsar planes de modernizaci\u00f3n e innovaci\u00f3n judicial, as\u00ed como obras espec\u00edficas de infraestructura para ser utilizadas por la Justicia provincial.<\/p>\n<p>Garavano tambi\u00e9n ser\u00e1 recibido por el gobernador Gustavo Bordet y firmar\u00e1 un acuerdo con el ministro de Gobierno y Justicia, Mauro Urribarri, para la implementaci\u00f3n de las pulseras electr\u00f3nicas.<\/p>\n<p>&nbsp;<\/p>\n<p>Entre las actividades programadas tambi\u00e9n participar\u00e1 del Consejo de prevenci\u00f3n, protecci\u00f3n y asistencia a las v\u00edctimas y testigos de trata y tr\u00e1fico de personas, donde se anunciar\u00e1 oficialmente la apertura de la Oficina Regional de Rescate y Acompa\u00f1amiento de V\u00edctimas por delito de trata.<\/p>\n<p>&nbsp;<\/p>\n<p>&nbsp;<\/p>\n<p><strong>En Santa Fe <\/strong><\/p>\n<p>Previamente, el jueves 27 Garavano participar\u00e1 en la ciudad de Rosario junto al director Nacional de Migraciones Horacio Garc\u00eda de una reuni\u00f3n con jueces, fiscales y defensores p\u00fablicos, en la sede del Tribunal Oral Criminal N\u00b0 1. M\u00e1s tarde firmar\u00e1 un convenio con el gobernador Miguel Lifschitz para el desarrollo de proyectos de innovaci\u00f3n y modernizaci\u00f3n a trav\u00e9s de la iniciativa de apoyo a las justicias provinciales que impulsa la cartera nacional, entre otras acciones de colaboraci\u00f3n rec\u00edproca.<\/p>\n<p>&nbsp;<\/p>\n<p>En ese marco, los funcionarios firmar\u00e1n un acta complementaria para la adquisici\u00f3n de cromat\u00f3grafos para la investigaci\u00f3n criminal por un monto de $3.500.000 que ser\u00e1n aportados por el Ministerio de Justicia.<\/p>\n<p>&nbsp;<\/p>\n<p>Durante la jornada, Garavano tambi\u00e9n tiene previsto visitar la C\u00e1mara Federal de Apelaciones de Rosario y asistir\u00e1 a un almuerzo en la Bolsa de Comercio; por la tarde en la ciudad de Santa Fe visitar\u00e1 un Centro Integrador Comunitario (CIC) y a las 18.30 encabezar\u00e1 una charla de Justicia 2020 en la Facultad de Ciencias Jur\u00eddicas y Sociales donde dejar\u00e1 inaugurado el eje de Acceso a la Justicia.<\/p>\n","protected":false},"excerpt":{"rendered":"<p>Visitar\u00e1 la provincia este viernes para firmar acuerdos para capacitaci\u00f3n en el Superior Tribunal de Justicia y participar del Consejo de prevenci\u00f3n de la trata. Tambi\u00e9n ser\u00e1 recibido por el gobernador Gustavo Bordet &nbsp; &nbsp; &nbsp; El ministro de Justicia y Derechos Humanos, Germ\u00e1n Garavano, visitar\u00e1 esta semana las provincias de Santa Fe y Entre R\u00edos donde participar\u00e1 de distintas actividades con autoridades y magistrados y firmar\u00e1 acuerdos para el fortalecimiento de las justicias provinciales, se inform\u00f3 en un comunicado oficial. &nbsp; El viernes en Paran\u00e1 el ministro visitar\u00e1 el&#8230;<\/p>\n","protected":false},"author":3,"featured_media":10656,"comment_status":"closed","ping_status":"closed","sticky":false,"template":"","format":"standard","meta":[],"categories":[15],"tags":[],"_links":{"self":[{"href":"https:\/\/www.actualidadadiario.com\/index.php\/wp-json\/wp\/v2\/posts\/10655"}],"collection":[{"href":"https:\/\/www.actualidadadiario.com\/index.php\/wp-json\/wp\/v2\/posts"}],"about":[{"href":"https:\/\/www.actualidadadiario.com\/index.php\/wp-json\/wp\/v2\/types\/post"}],"author":[{"embeddable":true,"href":"https:\/\/www.actualidadadiario.com\/index.php\/wp-json\/wp\/v2\/users\/3"}],"replies":[{"embeddable":true,"href":"https:\/\/www.actualidadadiario.com\/index.php\/wp-json\/wp\/v2\/comments?post=10655"}],"version-history":[{"count":1,"href":"https:\/\/www.actualidadadiario.com\/index.php\/wp-json\/wp\/v2\/posts\/10655\/revisions"}],"predecessor-version":[{"id":10657,"href":"https:\/\/www.actualidadadiario.com\/index.php\/wp-json\/wp\/v2\/posts\/10655\/revisions\/10657"}],"wp:featuredmedia":[{"embeddable":true,"href":"https:\/\/www.actualidadadiario.com\/index.php\/wp-json\/wp\/v2\/media\/10656"}],"wp:attachment":[{"href":"https:\/\/www.actualidadadiario.com\/index.php\/wp-json\/wp\/v2\/media?parent=10655"}],"wp:term":[{"taxonomy":"category","embeddable":true,"href":"https:\/\/www.actualidadadiario.com\/index.php\/wp-json\/wp\/v2\/categories?post=10655"},{"taxonomy":"post_tag","embeddable":true,"href":"https:\/\/www.actualidadadiario.com\/index.php\/wp-json\/wp\/v2\/tags?post=10655"}],"curies":[{"name":"wp","href":"https:\/\/api.w.org\/{rel}","templated":true}]}}