{"id":10649,"date":"2017-04-27T09:09:56","date_gmt":"2017-04-27T12:09:56","guid":{"rendered":"http:\/\/actualidadadiario.com\/site\/?p=10649"},"modified":"2017-04-27T09:09:56","modified_gmt":"2017-04-27T12:09:56","slug":"pami-comenzara-a-regularizar-la-deuda-que-tiene-con-entre-rios","status":"publish","type":"post","link":"https:\/\/www.actualidadadiario.com\/index.php\/2017\/04\/27\/pami-comenzara-a-regularizar-la-deuda-que-tiene-con-entre-rios\/","title":{"rendered":"PAMI comenzar\u00e1 a regularizar la deuda que tiene con Entre R\u00edos"},"content":{"rendered":"<p><em><strong>Durante un encuentro con el pleno de los funcionarios del gabinete de Salud, el ministro Ariel de la Rosa brind\u00f3 precisiones respecto a los avances en materia sanitaria que han surgido en las \u00faltimas semanas<\/strong><\/em><\/p>\n<p>&nbsp;<\/p>\n<p>&nbsp;<\/p>\n<p>&nbsp;<\/p>\n<p>\u201cAyer mantuve una reuni\u00f3n con el director Ejecutivo de PAMI, Sergio Cassinotti. Al d\u00eda de hoy la obra social tiene una deuda para con nosotros de 102 millones de pesos. Acordamos la regularizaci\u00f3n de esa deuda a partir de mayo\u201d, comunic\u00f3 el ministro.<\/p>\n<p>&nbsp;<\/p>\n<p>\u201cEl sistema va a ser por c\u00e1pita exclusivamente para primero y segundo nivel; el tercero y la alta complejidad ser\u00e1 por prestaci\u00f3n. Incluso desde Naci\u00f3n aseguraron que van a poner auditor\u00edas de calidad exclusiva para los hospitales y los prestadores para delimitar muy bien los espacios\u201d, detall\u00f3 De la Rosa.<\/p>\n<p>&nbsp;<\/p>\n<p>&nbsp;<\/p>\n<p><strong>Implementaci\u00f3n de la sala de situaci\u00f3n <\/strong><\/p>\n<p>\u201cVamos a poner en marcha a pleno nuestra sala de situaci\u00f3n\u201d, adelant\u00f3 adem\u00e1s el titular de la cartera sanitaria, que referenci\u00f3: \u201cEsto sirve para medir absolutamente el funcionamiento de todo el Ministerio y es el primer paso para que tengamos un tablero de mando y control\u201d.<\/p>\n<p>&nbsp;<\/p>\n<p>De la Rosa ratific\u00f3 que \u201cla informaci\u00f3n ser\u00e1 actualizada peri\u00f3dicamente. Ning\u00fan funcionario puede tomar decisiones correctas si no tiene la informaci\u00f3n completa&#8221;.<\/p>\n<p>&nbsp;<\/p>\n<p>&nbsp;<\/p>\n<p><strong>Autoridades presentes <\/strong><\/p>\n<p>En la reuni\u00f3n el ministro present\u00f3 al coordinador Ejecutivo de la Unidad de Gesti\u00f3n del Programa CUS-Sumar, Santiago Arias, y al responsable de la operatividad del Programa Remediar + Redes, Hern\u00e1n Goncebat.<\/p>\n<p>&nbsp;<\/p>\n<p>Adem\u00e1s participaron los secretarios de Salud y Gesti\u00f3n Sanitaria Mario Imaz y Sergio Schmunk respectivamente; el subsecretario de Administraci\u00f3n, Sebasti\u00e1n Calero; la directora General del Primer Nivel de Atenci\u00f3n, Flavia Maidana; el director General de Despacho, Cristhian Weber; y la directora General de Contrataciones, Luisa Berruezo.<\/p>\n<p>&nbsp;<\/p>\n<p>Asimismo, asistieron al encuentro los directores de Atenci\u00f3n M\u00e9dica, Mario Tizzoni; de Asuntos Jur\u00eddicos, V\u00edctor Berta; de Epidemiolog\u00eda, Diego Garcilazo; de Odontolog\u00eda, Javier Damiani; de Relaciones Institucionales y Comunicaci\u00f3n, Gisela Romero, junto a la subdirectora Natalia Luj\u00e1n, y de Ciencia y Tecnolog\u00eda, Gloria Benvisutto; como as\u00ed tambi\u00e9n la arquitecta Adriana Satler, integrante de la Unidad Ejecutora de Conservaci\u00f3n; los integrantes de la Secretar\u00eda de Lucha contra las Adicciones (Selca), Guillermo Casanova y Ra\u00fal Vernengo; y Fabricio Cabrera, integrante del equipo de la Direcci\u00f3n de Salud Mental y Adicciones.<\/p>\n","protected":false},"excerpt":{"rendered":"<p>Durante un encuentro con el pleno de los funcionarios del gabinete de Salud, el ministro Ariel de la Rosa brind\u00f3 precisiones respecto a los avances en materia sanitaria que han surgido en las \u00faltimas semanas &nbsp; &nbsp; &nbsp; \u201cAyer mantuve una reuni\u00f3n con el director Ejecutivo de PAMI, Sergio Cassinotti. Al d\u00eda de hoy la obra social tiene una deuda para con nosotros de 102 millones de pesos. Acordamos la regularizaci\u00f3n de esa deuda a partir de mayo\u201d, comunic\u00f3 el ministro. &nbsp; \u201cEl sistema va a ser por c\u00e1pita exclusivamente&#8230;<\/p>\n","protected":false},"author":3,"featured_media":10650,"comment_status":"closed","ping_status":"closed","sticky":false,"template":"","format":"standard","meta":[],"categories":[15],"tags":[],"_links":{"self":[{"href":"https:\/\/www.actualidadadiario.com\/index.php\/wp-json\/wp\/v2\/posts\/10649"}],"collection":[{"href":"https:\/\/www.actualidadadiario.com\/index.php\/wp-json\/wp\/v2\/posts"}],"about":[{"href":"https:\/\/www.actualidadadiario.com\/index.php\/wp-json\/wp\/v2\/types\/post"}],"author":[{"embeddable":true,"href":"https:\/\/www.actualidadadiario.com\/index.php\/wp-json\/wp\/v2\/users\/3"}],"replies":[{"embeddable":true,"href":"https:\/\/www.actualidadadiario.com\/index.php\/wp-json\/wp\/v2\/comments?post=10649"}],"version-history":[{"count":1,"href":"https:\/\/www.actualidadadiario.com\/index.php\/wp-json\/wp\/v2\/posts\/10649\/revisions"}],"predecessor-version":[{"id":10651,"href":"https:\/\/www.actualidadadiario.com\/index.php\/wp-json\/wp\/v2\/posts\/10649\/revisions\/10651"}],"wp:featuredmedia":[{"embeddable":true,"href":"https:\/\/www.actualidadadiario.com\/index.php\/wp-json\/wp\/v2\/media\/10650"}],"wp:attachment":[{"href":"https:\/\/www.actualidadadiario.com\/index.php\/wp-json\/wp\/v2\/media?parent=10649"}],"wp:term":[{"taxonomy":"category","embeddable":true,"href":"https:\/\/www.actualidadadiario.com\/index.php\/wp-json\/wp\/v2\/categories?post=10649"},{"taxonomy":"post_tag","embeddable":true,"href":"https:\/\/www.actualidadadiario.com\/index.php\/wp-json\/wp\/v2\/tags?post=10649"}],"curies":[{"name":"wp","href":"https:\/\/api.w.org\/{rel}","templated":true}]}}