{"id":10640,"date":"2017-04-26T09:45:16","date_gmt":"2017-04-26T12:45:16","guid":{"rendered":"http:\/\/actualidadadiario.com\/site\/?p=10640"},"modified":"2017-04-26T09:45:16","modified_gmt":"2017-04-26T12:45:16","slug":"en-que-consiste-la-ley-brisa-el-proyecto-que-ampara-a-los-hijos-de-victimas-de-femicidio","status":"publish","type":"post","link":"https:\/\/www.actualidadadiario.com\/index.php\/2017\/04\/26\/en-que-consiste-la-ley-brisa-el-proyecto-que-ampara-a-los-hijos-de-victimas-de-femicidio\/","title":{"rendered":"En qu\u00e9 consiste la Ley Brisa, el proyecto que ampara a los hijos de v\u00edctimas de femicidio"},"content":{"rendered":"<p><em><strong>Creada por la organizaci\u00f3n Casa del Encuentro, la propuesta busca que los ni\u00f1os y adolescentes menores de 18 a\u00f1os, que se quedan sin madre, reciban un reconocimiento econ\u00f3mico por parte del Estado. Los detalles<\/strong><\/em><\/p>\n<p>&nbsp;<\/p>\n<p>&nbsp;<\/p>\n<p>En Argentina, el a\u00f1o pasado se registraron 290 femicidios. Un asesinato cada 30 horas. 401 hijos e hijas que se quedaron sin madre. Entre ellos, 242 menores de edad. Desde la Asociaci\u00f3n Civil la Casa del Encuentro tomaron nota de la problem\u00e1tica y, desde hace a\u00f1os, promueven el proyecto de Ley Brisa.<\/p>\n<p>&nbsp;<\/p>\n<p>Las estad\u00edsticas alarman, consternan. En los \u00faltimos 9 a\u00f1os en el pa\u00eds, 2919 hijas e hijos perdieron a su madre a causa de un femicidio. M\u00e1s de los 63% de ellos, menores de edad. El proyecto, que se prev\u00e9 comenzar\u00e1 a discutirse en los pr\u00f3ximos d\u00edas en Diputados, busca amparar a las v\u00edctimas colaterales con un aporte econ\u00f3mico, equivalente al monto de un haber jubilatorio m\u00ednimo, hasta los 18 a\u00f1os de edad.<\/p>\n<p>&nbsp;<\/p>\n<p>En sus lineamientos, el proyecto estipula que el monto de la reparaci\u00f3n econ\u00f3mica ser\u00e1 percibido por la o las personas que el juez de familia determine al cuidado del ni\u00f1o o adolescente cuyo padre haya sido imputado, proceso o condenado como autor, coautor, instigador o c\u00f3mplice por el asesinato de su madre.<\/p>\n<p>&nbsp;<\/p>\n<p>El mismo procedimiento se aplicar\u00e1 en aquellos casos en los que el progenitor muere o se suicida despu\u00e9s de cometer el crimen. Estar\u00e1 destinada a menores de edad, con la posibilidad de extenderse en los casos en que se declare su capacidad restringida y\/o incapacidad.<\/p>\n<p>&nbsp;<\/p>\n<p>&#8220;Claramente hab\u00eda que buscar una manera para que desde el Estado se ofreciera un reconocimiento que permitiera garantizar los derechos de la enorme cantidad de ni\u00f1os y ni\u00f1as que se quedan sin madre&#8221;, dijo Fabiana Tu\u00f1ez, hoy presidenta del Consejo Nacional de las Mujeres, antes responsable de Casa del Encuentro, la ONG impulsora del proyecto.<\/p>\n<p>&nbsp;<\/p>\n<p>A su vez, Tu\u00f1ez agreg\u00f3: &#8220;Me parece una muy buena iniciativa porque, desde el Estado, se va a empoderar a los ni\u00f1os con, por un lado, un reconocimiento econ\u00f3mico y, por otro, la posibilidad de acceso a la salud tanto f\u00edsica como ps\u00edquica. Ayudar\u00e1 a aquellos familiares que se terminen haciendo cargo de los chicos a llevar adelante su crianza con otra tranquilidad&#8221;.<\/p>\n<p>&nbsp;<\/p>\n<p>La funcionaria hace referencia a la cobertura de salud integral que contempla el proyecto para los ni\u00f1os, ni\u00f1as y adolescentes hijos de v\u00edctimas de femicidio que no tengan una obra social. Adem\u00e1s del reconocimiento econ\u00f3mico, el Estado Nacional brindar\u00e1 la asistencia necesaria para cubrir todas las necesidades f\u00edsicas y ps\u00edquicas del chico.<\/p>\n<p>&nbsp;<\/p>\n<p>Hace a\u00f1os, distintas organizaciones impulsan el proyecto de ley que se encuentra en tr\u00e1mite legislativo para ser tratado en brevedad. Por caso, la Fundaci\u00f3n Avon se sum\u00f3 con una campa\u00f1a en la que tiene a Natalia Oreiro como su abanderada. &#8220;Es imprescindible que estas hijas e hijos, v\u00edctimas colaterales de femicidio, obtengan una reparaci\u00f3n que les permita acceder a una asistencia integral. Alz\u00e1 la voz. Apoy\u00e1 la Ley Brisa&#8221;, promueve la actriz.<\/p>\n","protected":false},"excerpt":{"rendered":"<p>Creada por la organizaci\u00f3n Casa del Encuentro, la propuesta busca que los ni\u00f1os y adolescentes menores de 18 a\u00f1os, que se quedan sin madre, reciban un reconocimiento econ\u00f3mico por parte del Estado. Los detalles &nbsp; &nbsp; En Argentina, el a\u00f1o pasado se registraron 290 femicidios. Un asesinato cada 30 horas. 401 hijos e hijas que se quedaron sin madre. Entre ellos, 242 menores de edad. Desde la Asociaci\u00f3n Civil la Casa del Encuentro tomaron nota de la problem\u00e1tica y, desde hace a\u00f1os, promueven el proyecto de Ley Brisa. &nbsp; Las&#8230;<\/p>\n","protected":false},"author":3,"featured_media":10641,"comment_status":"closed","ping_status":"closed","sticky":false,"template":"","format":"standard","meta":[],"categories":[4],"tags":[],"_links":{"self":[{"href":"https:\/\/www.actualidadadiario.com\/index.php\/wp-json\/wp\/v2\/posts\/10640"}],"collection":[{"href":"https:\/\/www.actualidadadiario.com\/index.php\/wp-json\/wp\/v2\/posts"}],"about":[{"href":"https:\/\/www.actualidadadiario.com\/index.php\/wp-json\/wp\/v2\/types\/post"}],"author":[{"embeddable":true,"href":"https:\/\/www.actualidadadiario.com\/index.php\/wp-json\/wp\/v2\/users\/3"}],"replies":[{"embeddable":true,"href":"https:\/\/www.actualidadadiario.com\/index.php\/wp-json\/wp\/v2\/comments?post=10640"}],"version-history":[{"count":1,"href":"https:\/\/www.actualidadadiario.com\/index.php\/wp-json\/wp\/v2\/posts\/10640\/revisions"}],"predecessor-version":[{"id":10642,"href":"https:\/\/www.actualidadadiario.com\/index.php\/wp-json\/wp\/v2\/posts\/10640\/revisions\/10642"}],"wp:featuredmedia":[{"embeddable":true,"href":"https:\/\/www.actualidadadiario.com\/index.php\/wp-json\/wp\/v2\/media\/10641"}],"wp:attachment":[{"href":"https:\/\/www.actualidadadiario.com\/index.php\/wp-json\/wp\/v2\/media?parent=10640"}],"wp:term":[{"taxonomy":"category","embeddable":true,"href":"https:\/\/www.actualidadadiario.com\/index.php\/wp-json\/wp\/v2\/categories?post=10640"},{"taxonomy":"post_tag","embeddable":true,"href":"https:\/\/www.actualidadadiario.com\/index.php\/wp-json\/wp\/v2\/tags?post=10640"}],"curies":[{"name":"wp","href":"https:\/\/api.w.org\/{rel}","templated":true}]}}