{"id":10631,"date":"2017-04-26T09:43:03","date_gmt":"2017-04-26T12:43:03","guid":{"rendered":"http:\/\/actualidadadiario.com\/site\/?p=10631"},"modified":"2017-04-26T09:43:03","modified_gmt":"2017-04-26T12:43:03","slug":"carlotto-la-verdad-y-la-justicia-siempre-vencen-al-olvido-y-el-silencio","status":"publish","type":"post","link":"https:\/\/www.actualidadadiario.com\/index.php\/2017\/04\/26\/carlotto-la-verdad-y-la-justicia-siempre-vencen-al-olvido-y-el-silencio\/","title":{"rendered":"Carlotto: &#8220;La verdad y la Justicia siempre vencen al olvido y el silencio&#8221;"},"content":{"rendered":"<p><em><strong>La titular de Abuelas de Plaza de Mayo present\u00f3 al nieto n\u00famero 122, hijo de los militantes Iris N\u00e9lida Garc\u00eda Soler y Enrique Bustamante<\/strong><\/em><\/p>\n<p>&nbsp;<\/p>\n<p>&nbsp;<\/p>\n<p>&nbsp;<\/p>\n<p>Las Abuelas de Plaza de Mayo presentaron hoy al nieto recuperado n\u00famero 122, hijo de dos militantes de la agrupaci\u00f3n &#8220;Montoneros&#8221; desaparecidos durante la \u00faltima dictadura militar.<\/p>\n<p>&nbsp;<\/p>\n<p>Se trata del hijo de Enrique Bustamante y de Iris N\u00e9lida Garc\u00eda Soler, quienes fueron detenidos y permanecen desparecidos desde el 31 de enero 1977.<\/p>\n<p>&nbsp;<\/p>\n<p>En la presentaci\u00f3n estaban, adem\u00e1s de las autoridades de Abuelas y del Conadi, dos familiares del nieto identificado, quien a su vez pidi\u00f3 &#8220;reserva con respecto a \u00e9l&#8221; y asegur\u00f3 que &#8220;se va a acercar cuando asimile&#8221; toda la situaci\u00f3n, informaron en el acto.<\/p>\n<p>&nbsp;<\/p>\n<p>&#8220;A la sociedad le pedimos que nos siga ayudando a encontrar a nuestros nietos&#8221;, subray\u00f3 Estela de Carlotto, presidenta de Abuelas, y agreg\u00f3 que &#8220;esto demuestra que son 30 mil o m\u00e1s los desaparecidos&#8221;.<\/p>\n<p>&nbsp;<\/p>\n<p>La confirmaci\u00f3n de la identificaci\u00f3n se realiz\u00f3 en la sede de la organizaci\u00f3n, ubicada en el departamento 2 del primer piso del edificio situado en la calle Virrey Cevallos al 592, en el centro porte\u00f1o.<\/p>\n<p>&nbsp;<\/p>\n<p>De acuerdo con lo que precis\u00f3 Abuelas, el joven naci\u00f3 en julio de 1977 en el centro clandestino de detenci\u00f3n Escuela Mec\u00e1nica de la Armada (ESMA) y actualmente se encontraba viviendo en C\u00f3rdoba.<\/p>\n","protected":false},"excerpt":{"rendered":"<p>La titular de Abuelas de Plaza de Mayo present\u00f3 al nieto n\u00famero 122, hijo de los militantes Iris N\u00e9lida Garc\u00eda Soler y Enrique Bustamante &nbsp; &nbsp; &nbsp; Las Abuelas de Plaza de Mayo presentaron hoy al nieto recuperado n\u00famero 122, hijo de dos militantes de la agrupaci\u00f3n &#8220;Montoneros&#8221; desaparecidos durante la \u00faltima dictadura militar. &nbsp; Se trata del hijo de Enrique Bustamante y de Iris N\u00e9lida Garc\u00eda Soler, quienes fueron detenidos y permanecen desparecidos desde el 31 de enero 1977. &nbsp; En la presentaci\u00f3n estaban, adem\u00e1s de las autoridades de&#8230;<\/p>\n","protected":false},"author":3,"featured_media":10632,"comment_status":"closed","ping_status":"closed","sticky":false,"template":"","format":"standard","meta":[],"categories":[4],"tags":[],"_links":{"self":[{"href":"https:\/\/www.actualidadadiario.com\/index.php\/wp-json\/wp\/v2\/posts\/10631"}],"collection":[{"href":"https:\/\/www.actualidadadiario.com\/index.php\/wp-json\/wp\/v2\/posts"}],"about":[{"href":"https:\/\/www.actualidadadiario.com\/index.php\/wp-json\/wp\/v2\/types\/post"}],"author":[{"embeddable":true,"href":"https:\/\/www.actualidadadiario.com\/index.php\/wp-json\/wp\/v2\/users\/3"}],"replies":[{"embeddable":true,"href":"https:\/\/www.actualidadadiario.com\/index.php\/wp-json\/wp\/v2\/comments?post=10631"}],"version-history":[{"count":1,"href":"https:\/\/www.actualidadadiario.com\/index.php\/wp-json\/wp\/v2\/posts\/10631\/revisions"}],"predecessor-version":[{"id":10633,"href":"https:\/\/www.actualidadadiario.com\/index.php\/wp-json\/wp\/v2\/posts\/10631\/revisions\/10633"}],"wp:featuredmedia":[{"embeddable":true,"href":"https:\/\/www.actualidadadiario.com\/index.php\/wp-json\/wp\/v2\/media\/10632"}],"wp:attachment":[{"href":"https:\/\/www.actualidadadiario.com\/index.php\/wp-json\/wp\/v2\/media?parent=10631"}],"wp:term":[{"taxonomy":"category","embeddable":true,"href":"https:\/\/www.actualidadadiario.com\/index.php\/wp-json\/wp\/v2\/categories?post=10631"},{"taxonomy":"post_tag","embeddable":true,"href":"https:\/\/www.actualidadadiario.com\/index.php\/wp-json\/wp\/v2\/tags?post=10631"}],"curies":[{"name":"wp","href":"https:\/\/api.w.org\/{rel}","templated":true}]}}