{"id":10628,"date":"2017-04-26T09:42:22","date_gmt":"2017-04-26T12:42:22","guid":{"rendered":"http:\/\/actualidadadiario.com\/site\/?p=10628"},"modified":"2017-04-26T09:42:22","modified_gmt":"2017-04-26T12:42:22","slug":"la-fundacion-huesped-retruco-la-anecdota-que-conto-macri-sobre-los-jubilados","status":"publish","type":"post","link":"https:\/\/www.actualidadadiario.com\/index.php\/2017\/04\/26\/la-fundacion-huesped-retruco-la-anecdota-que-conto-macri-sobre-los-jubilados\/","title":{"rendered":"La Fundaci\u00f3n Hu\u00e9sped retruc\u00f3 la an\u00e9cdota que cont\u00f3 Macri sobre los jubilados"},"content":{"rendered":"<p><em><strong>Luego de la conferencia del presidente en el Centro Cultural Kirchner donde coment\u00f3 en tono burl\u00f3n que debi\u00f3 cancelar &#8220;varias cuentas de pornograf\u00eda&#8221; de los jubilados, la fundaci\u00f3n que se centra en la lucha contra el VIH\/SIDA, enfermedades transmisibles y salud sexual y reproductiva; le contest\u00f3 al Primer Mandatario<\/strong><\/em><\/p>\n<p>&nbsp;<\/p>\n<p>&nbsp;<\/p>\n<p>&nbsp;<\/p>\n<p>La Fundaci\u00f3n Hu\u00e9sped, que trabaja en el \u00e1rea de salud p\u00fablica, utiliz\u00f3 una graciosa imagen para contestarle a Mauricio Macri luego del lamentable comentario que realiz\u00f3 sobre los jubilados.<\/p>\n<p>&nbsp;<\/p>\n<p>Desde la cuenta de la Fundaci\u00f3n utilizaron la imagen de una se\u00f1ora tirando aros a un pene de pl\u00e1stico en clara referencia en demostrarle que las personas mayores se pueden divertir sin ser burlados.<\/p>\n","protected":false},"excerpt":{"rendered":"<p>Luego de la conferencia del presidente en el Centro Cultural Kirchner donde coment\u00f3 en tono burl\u00f3n que debi\u00f3 cancelar &#8220;varias cuentas de pornograf\u00eda&#8221; de los jubilados, la fundaci\u00f3n que se centra en la lucha contra el VIH\/SIDA, enfermedades transmisibles y salud sexual y reproductiva; le contest\u00f3 al Primer Mandatario &nbsp; &nbsp; &nbsp; La Fundaci\u00f3n Hu\u00e9sped, que trabaja en el \u00e1rea de salud p\u00fablica, utiliz\u00f3 una graciosa imagen para contestarle a Mauricio Macri luego del lamentable comentario que realiz\u00f3 sobre los jubilados. &nbsp; Desde la cuenta de la Fundaci\u00f3n utilizaron la&#8230;<\/p>\n","protected":false},"author":3,"featured_media":10629,"comment_status":"closed","ping_status":"closed","sticky":false,"template":"","format":"standard","meta":[],"categories":[4],"tags":[],"_links":{"self":[{"href":"https:\/\/www.actualidadadiario.com\/index.php\/wp-json\/wp\/v2\/posts\/10628"}],"collection":[{"href":"https:\/\/www.actualidadadiario.com\/index.php\/wp-json\/wp\/v2\/posts"}],"about":[{"href":"https:\/\/www.actualidadadiario.com\/index.php\/wp-json\/wp\/v2\/types\/post"}],"author":[{"embeddable":true,"href":"https:\/\/www.actualidadadiario.com\/index.php\/wp-json\/wp\/v2\/users\/3"}],"replies":[{"embeddable":true,"href":"https:\/\/www.actualidadadiario.com\/index.php\/wp-json\/wp\/v2\/comments?post=10628"}],"version-history":[{"count":1,"href":"https:\/\/www.actualidadadiario.com\/index.php\/wp-json\/wp\/v2\/posts\/10628\/revisions"}],"predecessor-version":[{"id":10630,"href":"https:\/\/www.actualidadadiario.com\/index.php\/wp-json\/wp\/v2\/posts\/10628\/revisions\/10630"}],"wp:featuredmedia":[{"embeddable":true,"href":"https:\/\/www.actualidadadiario.com\/index.php\/wp-json\/wp\/v2\/media\/10629"}],"wp:attachment":[{"href":"https:\/\/www.actualidadadiario.com\/index.php\/wp-json\/wp\/v2\/media?parent=10628"}],"wp:term":[{"taxonomy":"category","embeddable":true,"href":"https:\/\/www.actualidadadiario.com\/index.php\/wp-json\/wp\/v2\/categories?post=10628"},{"taxonomy":"post_tag","embeddable":true,"href":"https:\/\/www.actualidadadiario.com\/index.php\/wp-json\/wp\/v2\/tags?post=10628"}],"curies":[{"name":"wp","href":"https:\/\/api.w.org\/{rel}","templated":true}]}}