{"id":10625,"date":"2017-04-26T09:41:37","date_gmt":"2017-04-26T12:41:37","guid":{"rendered":"http:\/\/actualidadadiario.com\/site\/?p=10625"},"modified":"2017-04-26T09:41:37","modified_gmt":"2017-04-26T12:41:37","slug":"otra-jornada-sangrienta-en-venezuela-cinco-muertos","status":"publish","type":"post","link":"https:\/\/www.actualidadadiario.com\/index.php\/2017\/04\/26\/otra-jornada-sangrienta-en-venezuela-cinco-muertos\/","title":{"rendered":"Otra jornada sangrienta en Venezuela: cinco muertos"},"content":{"rendered":"<p><em><strong>Cinco nuevos muertos por heridas de bala elevan a 30 las v\u00edctimas fatales registradas en lo que va de abril, en el contexto de las protestas callejeras casi cotidianas contra el gobierno de Nicol\u00e1s Maduro<\/strong><\/em><\/p>\n<p>&nbsp;<\/p>\n<p>&nbsp;<\/p>\n<p>&nbsp;<\/p>\n<p>Cinco nuevos muertos por heridas de bala se produjeron este martes durante las protestas antigubernamentales en Venezuela, elevando a 30 el n\u00famero total de fallecidos en la que va de abril, seg\u00fan inform\u00f3 la fiscal general de la Rep\u00fablica, Luisa Ortega D\u00edaz.<\/p>\n<p>&nbsp;<\/p>\n<p>Ortega D\u00edaz report\u00f3 tambi\u00e9n 437 heridos y 1.285 arrestados, se\u00f1alando que fuerzas de seguridad efectuaron al menos 38 detenciones irregulares y afirmando que los saqueos del jueves pasado, en los que murieron 12 personas, fueron protagonizados por delincuentes comunes y no por activistas opositores.<\/p>\n<p>&nbsp;<\/p>\n<p>La funcionaria chavista contradijo as\u00ed lo sostenido por el propio presidente Nicol\u00e1s Maduro, quien hab\u00eda responsabilizado a activistas de la oposici\u00f3n por esos hechos.<\/p>\n<p>&nbsp;<\/p>\n<p>La fiscal present\u00f3 un detalle de las primeras 26 v\u00edctimas fatales, que a las 25 conocidas hasta anoche sum\u00f3 a Orlando Medina, de 23 a\u00f1os, baleado en la cabeza esta madrugada en El Tocuyo, en el interior del estado Lara, y dijo que hab\u00eda otras cuatro a las que no identific\u00f3.<\/p>\n<p>&nbsp;<\/p>\n<p>&#8220;Entre ayer y la madrugada de hoy tenemos cuatro fallecidos m\u00e1s de los 26; apenas estamos comenzando las investigaciones&#8221;, dijo la jefa de los procuradores, seg\u00fan recogi\u00f3 la agencia de noticias DPA.<\/p>\n","protected":false},"excerpt":{"rendered":"<p>Cinco nuevos muertos por heridas de bala elevan a 30 las v\u00edctimas fatales registradas en lo que va de abril, en el contexto de las protestas callejeras casi cotidianas contra el gobierno de Nicol\u00e1s Maduro &nbsp; &nbsp; &nbsp; Cinco nuevos muertos por heridas de bala se produjeron este martes durante las protestas antigubernamentales en Venezuela, elevando a 30 el n\u00famero total de fallecidos en la que va de abril, seg\u00fan inform\u00f3 la fiscal general de la Rep\u00fablica, Luisa Ortega D\u00edaz. &nbsp; Ortega D\u00edaz report\u00f3 tambi\u00e9n 437 heridos y 1.285 arrestados,&#8230;<\/p>\n","protected":false},"author":3,"featured_media":10626,"comment_status":"closed","ping_status":"closed","sticky":false,"template":"","format":"standard","meta":[],"categories":[4],"tags":[],"_links":{"self":[{"href":"https:\/\/www.actualidadadiario.com\/index.php\/wp-json\/wp\/v2\/posts\/10625"}],"collection":[{"href":"https:\/\/www.actualidadadiario.com\/index.php\/wp-json\/wp\/v2\/posts"}],"about":[{"href":"https:\/\/www.actualidadadiario.com\/index.php\/wp-json\/wp\/v2\/types\/post"}],"author":[{"embeddable":true,"href":"https:\/\/www.actualidadadiario.com\/index.php\/wp-json\/wp\/v2\/users\/3"}],"replies":[{"embeddable":true,"href":"https:\/\/www.actualidadadiario.com\/index.php\/wp-json\/wp\/v2\/comments?post=10625"}],"version-history":[{"count":1,"href":"https:\/\/www.actualidadadiario.com\/index.php\/wp-json\/wp\/v2\/posts\/10625\/revisions"}],"predecessor-version":[{"id":10627,"href":"https:\/\/www.actualidadadiario.com\/index.php\/wp-json\/wp\/v2\/posts\/10625\/revisions\/10627"}],"wp:featuredmedia":[{"embeddable":true,"href":"https:\/\/www.actualidadadiario.com\/index.php\/wp-json\/wp\/v2\/media\/10626"}],"wp:attachment":[{"href":"https:\/\/www.actualidadadiario.com\/index.php\/wp-json\/wp\/v2\/media?parent=10625"}],"wp:term":[{"taxonomy":"category","embeddable":true,"href":"https:\/\/www.actualidadadiario.com\/index.php\/wp-json\/wp\/v2\/categories?post=10625"},{"taxonomy":"post_tag","embeddable":true,"href":"https:\/\/www.actualidadadiario.com\/index.php\/wp-json\/wp\/v2\/tags?post=10625"}],"curies":[{"name":"wp","href":"https:\/\/api.w.org\/{rel}","templated":true}]}}