{"id":10621,"date":"2017-04-26T09:39:51","date_gmt":"2017-04-26T12:39:51","guid":{"rendered":"http:\/\/actualidadadiario.com\/site\/?p=10621"},"modified":"2017-04-26T09:39:51","modified_gmt":"2017-04-26T12:39:51","slug":"el-gobierno-demora-la-transferencia-de-fondos-para-salvar-a-sancor-de-la-crisis","status":"publish","type":"post","link":"https:\/\/www.actualidadadiario.com\/index.php\/2017\/04\/26\/el-gobierno-demora-la-transferencia-de-fondos-para-salvar-a-sancor-de-la-crisis\/","title":{"rendered":"El Gobierno demora la transferencia de fondos para salvar a SanCor de la crisis"},"content":{"rendered":"<p><em><strong>Los $ 450 millones comprometidos por la Naci\u00f3n todav\u00eda no fueron girados a la cooperativa que ya cerr\u00f3 cuatro plantas y profundiza la crisis por la que atraviesa<\/strong><\/em><\/p>\n<p>&nbsp;<\/p>\n<p>&nbsp;<\/p>\n<p>Mientras el gremio de camioneros termina su paro de actividades y no distribuyen productos l\u00e1cteos en todo el pa\u00eds en rechazo por los despidos en SanCor, el Gobierno demora la prometida inyecci\u00f3n de fondos prometidos para paliar la complicada situaci\u00f3n que atraviesa la cooperativa que ya cerr\u00f3 cuatro de sus plantas por dificultades financieras y productivas.<\/p>\n<p>&nbsp;<\/p>\n<p>Si bien la decisi\u00f3n de acercar casi $ 450 millones para descomprimir los problemas de la empresa, de sus productores y de su personal, ya est\u00e1 tomada, las autoridades comprometen la ayuda a la puesta en marcha de un proceso de reestructuraci\u00f3n de SanCor. El vocero de esta determinaci\u00f3n fue el ministro de Trabajo de la Naci\u00f3n, Jorge Triaca, durante una reuni\u00f3n que mantuvo el lunes con legisladores de las provincias de C\u00f3rdoba y Santa Fe, donde tiene mayor presencia la empresa a nivel nacional.<\/p>\n<p>&nbsp;<\/p>\n<p>En ese encuentro, el funcionario reconoci\u00f3 que el gobierno nacional &#8220;trabaja con la empresa y el gremio para ayudar a reestructurar la cooperativa l\u00e1ctea&#8221;. Pero advirti\u00f3 que todo el proceso est\u00e1 atado a la necesidad de &#8220;plantear una reestructuraci\u00f3n para crecer y desarrollarse&#8221;.<\/p>\n<p>&nbsp;<\/p>\n<p>Durante el encuentro, Triaca admiti\u00f3 que el presidente Mauricio Macri le solicit\u00f3 a su cartera y a los ministerios de Producci\u00f3n y de Agroindustria &#8220;trabajar en conjunto con el sindicato y la cooperativa para encontrar soluciones al contexto en el que estamos&#8221;. En ese contexto, consider\u00f3 que &#8220;hay una situaci\u00f3n particular de la empresa pero tambi\u00e9n hay un sector de la industria en su conjunto que tiene que plantearse una reestructuraci\u00f3n para crecer y desarrollarse. Eso es parte de lo que hemos hablado&#8221;.<\/p>\n<p>&nbsp;<\/p>\n<p>De todos modos, Triaca evit\u00f3 dar precisiones sobre el aporte comprometido por la Naci\u00f3n para auxiliar a la cooperativa. &#8220;Todav\u00eda es parte de la negociaci\u00f3n del proyecto de sustentabilidad para la empresa&#8221;, se limit\u00f3 a explicar ante los legisladores. Al respecto, el diputado provincial Antonio Bonfatti, promotor del encuentro con Triaca, reconoci\u00f3 la falta de propuestas concretas de parte de sus colegas al funcionario nacional.<\/p>\n<p>&nbsp;<\/p>\n<p>&#8220;No tuvimos tiempo de profundizar sobre la cr\u00edtica situaci\u00f3n de Sancor y el sector l\u00e1cteo en general y simplemente el ministro se llev\u00f3 nuestra inquietud y nuestra preocupaci\u00f3n&#8221;, dijo, seg\u00fan aseguran los medios rosarinos. Para Bonfatti \u0091es necesario abordar el tema de fondo, que data de d\u00e9cadas&#8221; y enfatiz\u00f3 en la necesidad de que se transparente el mercado.<\/p>\n<p>&nbsp;<\/p>\n<p>En la reuni\u00f3n tambi\u00e9n estuvo presente el legislador cordob\u00e9s Manuel Fernando Calvo, quien a\u00f1adi\u00f3 que la mayor preocupaci\u00f3n para su provincia &#8220;es las fuentes de trabajo, que no se cierre ninguna de las plantas o usinas l\u00e1cteas de Santa Fe, C\u00f3rdoba y Buenos Aires&#8221;.<\/p>\n<p>&nbsp;<\/p>\n<p>Adem\u00e1s, record\u00f3 que su provincia tambi\u00e9n asiste con fondos a SanCor, al detallar anuncios del gobernador cordob\u00e9s Juan Schiaretti para aportar el equivalente a un salario m\u00ednimo por un a\u00f1o a despedidos y apoyo en la readecuaci\u00f3n y producci\u00f3n de las plantas.<\/p>\n<p>&nbsp;<\/p>\n<p>&#8220;Necesitamos salir adelante, y quien tiene la llave es el gobierno nacional, que ya lleva m\u00e1s del 30% de su mandato en ejecuci\u00f3n y no hemos visto a\u00fan que haya encontrado salida al problema l\u00e1cteo de los argentinos&#8221;, critic\u00f3.<\/p>\n<p>&nbsp;<\/p>\n<p>En tanto, delegados de la Asociaci\u00f3n de Trabajadores de la Industria Lechera de la Rep\u00fablica Argentina (Atilra), se reunieron con representantes del Gobierno para seguir buscando alternativas, tras haber accedido a diferir el cobro del 15% del salario de los trabajadores de la cooperativa por seis meses, mientras que la empresa se compromete a no realizar despidos por ese lapso, y la Naci\u00f3n a desembolsar un auxilio econ\u00f3mico de $ 450 millones a trav\u00e9s del programa Fondear.<\/p>\n","protected":false},"excerpt":{"rendered":"<p>Los $ 450 millones comprometidos por la Naci\u00f3n todav\u00eda no fueron girados a la cooperativa que ya cerr\u00f3 cuatro plantas y profundiza la crisis por la que atraviesa &nbsp; &nbsp; Mientras el gremio de camioneros termina su paro de actividades y no distribuyen productos l\u00e1cteos en todo el pa\u00eds en rechazo por los despidos en SanCor, el Gobierno demora la prometida inyecci\u00f3n de fondos prometidos para paliar la complicada situaci\u00f3n que atraviesa la cooperativa que ya cerr\u00f3 cuatro de sus plantas por dificultades financieras y productivas. &nbsp; Si bien la&#8230;<\/p>\n","protected":false},"author":3,"featured_media":10622,"comment_status":"closed","ping_status":"closed","sticky":false,"template":"","format":"standard","meta":[],"categories":[9],"tags":[],"_links":{"self":[{"href":"https:\/\/www.actualidadadiario.com\/index.php\/wp-json\/wp\/v2\/posts\/10621"}],"collection":[{"href":"https:\/\/www.actualidadadiario.com\/index.php\/wp-json\/wp\/v2\/posts"}],"about":[{"href":"https:\/\/www.actualidadadiario.com\/index.php\/wp-json\/wp\/v2\/types\/post"}],"author":[{"embeddable":true,"href":"https:\/\/www.actualidadadiario.com\/index.php\/wp-json\/wp\/v2\/users\/3"}],"replies":[{"embeddable":true,"href":"https:\/\/www.actualidadadiario.com\/index.php\/wp-json\/wp\/v2\/comments?post=10621"}],"version-history":[{"count":1,"href":"https:\/\/www.actualidadadiario.com\/index.php\/wp-json\/wp\/v2\/posts\/10621\/revisions"}],"predecessor-version":[{"id":10623,"href":"https:\/\/www.actualidadadiario.com\/index.php\/wp-json\/wp\/v2\/posts\/10621\/revisions\/10623"}],"wp:featuredmedia":[{"embeddable":true,"href":"https:\/\/www.actualidadadiario.com\/index.php\/wp-json\/wp\/v2\/media\/10622"}],"wp:attachment":[{"href":"https:\/\/www.actualidadadiario.com\/index.php\/wp-json\/wp\/v2\/media?parent=10621"}],"wp:term":[{"taxonomy":"category","embeddable":true,"href":"https:\/\/www.actualidadadiario.com\/index.php\/wp-json\/wp\/v2\/categories?post=10621"},{"taxonomy":"post_tag","embeddable":true,"href":"https:\/\/www.actualidadadiario.com\/index.php\/wp-json\/wp\/v2\/tags?post=10621"}],"curies":[{"name":"wp","href":"https:\/\/api.w.org\/{rel}","templated":true}]}}