{"id":10615,"date":"2017-04-26T09:38:21","date_gmt":"2017-04-26T12:38:21","guid":{"rendered":"http:\/\/actualidadadiario.com\/site\/?p=10615"},"modified":"2017-04-26T09:38:21","modified_gmt":"2017-04-26T12:38:21","slug":"fracaso-negociacion-de-la-uom-y-la-semana-proxima-comienzan-medidas-de-fuerza","status":"publish","type":"post","link":"https:\/\/www.actualidadadiario.com\/index.php\/2017\/04\/26\/fracaso-negociacion-de-la-uom-y-la-semana-proxima-comienzan-medidas-de-fuerza\/","title":{"rendered":"Fracas\u00f3 negociaci\u00f3n de la UOM y la semana pr\u00f3xima comienzan medidas de fuerza"},"content":{"rendered":"<p><em><strong>Dirigentes de la UOM decidieron iniciar medidas de fuerza a partir del martes pr\u00f3ximo, luego de que fracasara la reuni\u00f3n que mantuvieron con representantes de todas las c\u00e1maras empresarias del sector en la sede del gremio, donde no se lleg\u00f3 a un acuerdo por la suba salarial para este a\u00f1o<\/strong><\/em><\/p>\n<p>&nbsp;<\/p>\n<p>&nbsp;<\/p>\n<p>&nbsp;<\/p>\n<p>&nbsp;<\/p>\n<p>&nbsp;<\/p>\n<p>&#8220;No hubo ning\u00fan avance. Los empresarios no se movieron del 18 por ciento de aumento salarial&#8221;, sostuvieron voceros del sindicato metal\u00fargico, que reclama un incremento salarial del 30 por ciento.<\/p>\n<p>&nbsp;<\/p>\n<p>&#8220;Ante eso, iniciamos un plan de lucha que arranca el martes y consistir\u00e1 en trabajar una hora y media hora no&#8221;, detallaron las mismas fuentes a la prensa.<\/p>\n<p>&nbsp;<\/p>\n<p>En caso de no ser convocados para otra reuni\u00f3n paritaria, la medida de fuerza seguir\u00e1 los d\u00edas siguientes hasta el 10 de mayo, cuando volver\u00e1n a reunirse los secretarios generales de todas las filiales de la UOM para definir los pasos a seguir.<\/p>\n<p>&nbsp;<\/p>\n<p>Por otra parte, en horas de la ma\u00f1ana el ministro de Trabajo, Jorge Triaca, suspendi\u00f3 un encuentro con el secretariado nacional de la UOM que encabeza el dirigente Antonio Cal\u00f3.<\/p>\n<p>&nbsp;<\/p>\n<p>La reuni\u00f3n hab\u00eda sido convocada para las 11 de en la sede central de la cartera laboral y confirmado a T\u00e9lam por el protesorero del gremio, Enrique Salinas, quien manifest\u00f3 desconocer &#8220;las razones de la convocatoria&#8221;.<\/p>\n<p>&nbsp;<\/p>\n<p>Salinas hab\u00eda manifestado su creencia que el encuentro iba a tener &#8220;relaci\u00f3n con la situaci\u00f3n de los trabajadores metal\u00fargicos que han sufrido en los \u00faltimos tiempos la p\u00e9rdida de m\u00e1s 20.000 puestos laborales entre despidos y suspensiones&#8221;.<\/p>\n<p>&nbsp;<\/p>\n<p>El gremialista tampoco hab\u00eda descartado que otro de los temas &#8220;sea la marcha de las negociaciones paritarias con las c\u00e1maras empresarias&#8221;.<\/p>\n<p>&nbsp;<\/p>\n<p>Ni la Uni\u00f3n Obrera Metal\u00fargica (UOM) ni la cartera laboral informaron acerca de los motivos de la suspensi\u00f3n de la convocatoria ministerial, como as\u00ed tampoco si se el encuentro se reprogramar\u00e1.<\/p>\n","protected":false},"excerpt":{"rendered":"<p>Dirigentes de la UOM decidieron iniciar medidas de fuerza a partir del martes pr\u00f3ximo, luego de que fracasara la reuni\u00f3n que mantuvieron con representantes de todas las c\u00e1maras empresarias del sector en la sede del gremio, donde no se lleg\u00f3 a un acuerdo por la suba salarial para este a\u00f1o &nbsp; &nbsp; &nbsp; &nbsp; &nbsp; &#8220;No hubo ning\u00fan avance. Los empresarios no se movieron del 18 por ciento de aumento salarial&#8221;, sostuvieron voceros del sindicato metal\u00fargico, que reclama un incremento salarial del 30 por ciento. &nbsp; &#8220;Ante eso, iniciamos un&#8230;<\/p>\n","protected":false},"author":3,"featured_media":10616,"comment_status":"closed","ping_status":"closed","sticky":false,"template":"","format":"standard","meta":[],"categories":[18],"tags":[],"_links":{"self":[{"href":"https:\/\/www.actualidadadiario.com\/index.php\/wp-json\/wp\/v2\/posts\/10615"}],"collection":[{"href":"https:\/\/www.actualidadadiario.com\/index.php\/wp-json\/wp\/v2\/posts"}],"about":[{"href":"https:\/\/www.actualidadadiario.com\/index.php\/wp-json\/wp\/v2\/types\/post"}],"author":[{"embeddable":true,"href":"https:\/\/www.actualidadadiario.com\/index.php\/wp-json\/wp\/v2\/users\/3"}],"replies":[{"embeddable":true,"href":"https:\/\/www.actualidadadiario.com\/index.php\/wp-json\/wp\/v2\/comments?post=10615"}],"version-history":[{"count":1,"href":"https:\/\/www.actualidadadiario.com\/index.php\/wp-json\/wp\/v2\/posts\/10615\/revisions"}],"predecessor-version":[{"id":10617,"href":"https:\/\/www.actualidadadiario.com\/index.php\/wp-json\/wp\/v2\/posts\/10615\/revisions\/10617"}],"wp:featuredmedia":[{"embeddable":true,"href":"https:\/\/www.actualidadadiario.com\/index.php\/wp-json\/wp\/v2\/media\/10616"}],"wp:attachment":[{"href":"https:\/\/www.actualidadadiario.com\/index.php\/wp-json\/wp\/v2\/media?parent=10615"}],"wp:term":[{"taxonomy":"category","embeddable":true,"href":"https:\/\/www.actualidadadiario.com\/index.php\/wp-json\/wp\/v2\/categories?post=10615"},{"taxonomy":"post_tag","embeddable":true,"href":"https:\/\/www.actualidadadiario.com\/index.php\/wp-json\/wp\/v2\/tags?post=10615"}],"curies":[{"name":"wp","href":"https:\/\/api.w.org\/{rel}","templated":true}]}}