{"id":10612,"date":"2017-04-26T09:37:36","date_gmt":"2017-04-26T12:37:36","guid":{"rendered":"http:\/\/actualidadadiario.com\/site\/?p=10612"},"modified":"2017-04-26T09:40:32","modified_gmt":"2017-04-26T12:40:32","slug":"siguen-los-despidos-en-el-estado-ahora-le-toco-al-canal-encuentro","status":"publish","type":"post","link":"https:\/\/www.actualidadadiario.com\/index.php\/2017\/04\/26\/siguen-los-despidos-en-el-estado-ahora-le-toco-al-canal-encuentro\/","title":{"rendered":"Siguen los despidos en el Estado: ahora le toc\u00f3 al canal Encuentro"},"content":{"rendered":"<p><em><strong>Se produjeron siete despidos en el canal p\u00fablico que, seg\u00fan se se\u00f1al\u00f3, son \u201cabsolutamente injustificados\u201d. Los trabajadores se encuentran en estado de asamblea y haciendo retenci\u00f3n de tareas<\/strong><\/em><\/p>\n<p>&nbsp;<\/p>\n<p>&nbsp;<\/p>\n<p>&nbsp;<\/p>\n<p>Este martes, siete trabajadores del canal Encuentro se encontraron con la desgraciada noticia: hab\u00edan sido despedidos por el Sistema Federal de Medios y Contenidos P\u00fablicos, que conduce Hern\u00e1n Lombardi y depende directamente de la Jefatura de Gabinete, a cargo de Marcos Pe\u00f1a.<\/p>\n<p>&nbsp;<\/p>\n<p>Los trabajadores del canal calificaron a la situaci\u00f3n como \u201cgrave\u201d y desde el Sindicato Argentino de Televisi\u00f3n (SAT) se afirm\u00f3 que las cesant\u00edas se produjeron \u201csin mediar ning\u00fan tipo de explicaci\u00f3n por parte de las autoridades del canal p\u00fablico\u201d.<\/p>\n<p>&nbsp;<\/p>\n<p>Incluso se inform\u00f3 que las autoridades designadas por Lombardi \u201cse niegan a retrotraer los despidos\u201d, por lo cual los trabajadores \u201cse encuentran en estado de asamblea y con retenci\u00f3n de tareas\u201d.<\/p>\n<p>&nbsp;<\/p>\n<p>Las medidas de fuerza alcanzan tambi\u00e9n a los canales Paka Paka y DeporTV, gestionados de igual modo por el Sistema Federal de Medios y Contenidos P\u00fablicos.<\/p>\n","protected":false},"excerpt":{"rendered":"<p>Se produjeron siete despidos en el canal p\u00fablico que, seg\u00fan se se\u00f1al\u00f3, son \u201cabsolutamente injustificados\u201d. Los trabajadores se encuentran en estado de asamblea y haciendo retenci\u00f3n de tareas &nbsp; &nbsp; &nbsp; Este martes, siete trabajadores del canal Encuentro se encontraron con la desgraciada noticia: hab\u00edan sido despedidos por el Sistema Federal de Medios y Contenidos P\u00fablicos, que conduce Hern\u00e1n Lombardi y depende directamente de la Jefatura de Gabinete, a cargo de Marcos Pe\u00f1a. &nbsp; Los trabajadores del canal calificaron a la situaci\u00f3n como \u201cgrave\u201d y desde el Sindicato Argentino de&#8230;<\/p>\n","protected":false},"author":3,"featured_media":10613,"comment_status":"closed","ping_status":"closed","sticky":false,"template":"","format":"standard","meta":[],"categories":[9],"tags":[],"_links":{"self":[{"href":"https:\/\/www.actualidadadiario.com\/index.php\/wp-json\/wp\/v2\/posts\/10612"}],"collection":[{"href":"https:\/\/www.actualidadadiario.com\/index.php\/wp-json\/wp\/v2\/posts"}],"about":[{"href":"https:\/\/www.actualidadadiario.com\/index.php\/wp-json\/wp\/v2\/types\/post"}],"author":[{"embeddable":true,"href":"https:\/\/www.actualidadadiario.com\/index.php\/wp-json\/wp\/v2\/users\/3"}],"replies":[{"embeddable":true,"href":"https:\/\/www.actualidadadiario.com\/index.php\/wp-json\/wp\/v2\/comments?post=10612"}],"version-history":[{"count":1,"href":"https:\/\/www.actualidadadiario.com\/index.php\/wp-json\/wp\/v2\/posts\/10612\/revisions"}],"predecessor-version":[{"id":10614,"href":"https:\/\/www.actualidadadiario.com\/index.php\/wp-json\/wp\/v2\/posts\/10612\/revisions\/10614"}],"wp:featuredmedia":[{"embeddable":true,"href":"https:\/\/www.actualidadadiario.com\/index.php\/wp-json\/wp\/v2\/media\/10613"}],"wp:attachment":[{"href":"https:\/\/www.actualidadadiario.com\/index.php\/wp-json\/wp\/v2\/media?parent=10612"}],"wp:term":[{"taxonomy":"category","embeddable":true,"href":"https:\/\/www.actualidadadiario.com\/index.php\/wp-json\/wp\/v2\/categories?post=10612"},{"taxonomy":"post_tag","embeddable":true,"href":"https:\/\/www.actualidadadiario.com\/index.php\/wp-json\/wp\/v2\/tags?post=10612"}],"curies":[{"name":"wp","href":"https:\/\/api.w.org\/{rel}","templated":true}]}}