{"id":10606,"date":"2017-04-26T09:36:03","date_gmt":"2017-04-26T12:36:03","guid":{"rendered":"http:\/\/actualidadadiario.com\/site\/?p=10606"},"modified":"2017-04-26T09:36:03","modified_gmt":"2017-04-26T12:36:03","slug":"alicia-kirchner-cuestiono-al-gobierno-cual-es-el-plan-serio-echar-gente-no-lo-voy-a-hacer","status":"publish","type":"post","link":"https:\/\/www.actualidadadiario.com\/index.php\/2017\/04\/26\/alicia-kirchner-cuestiono-al-gobierno-cual-es-el-plan-serio-echar-gente-no-lo-voy-a-hacer\/","title":{"rendered":"Alicia Kirchner cuestion\u00f3 al Gobierno: &#8220;\u00bfCu\u00e1l es el plan serio? \u00bfEchar gente? No lo voy a hacer&#8221;"},"content":{"rendered":"<p><em><strong>La gobernadora de Santa Cruz Alicia Kirchner sali\u00f3 al cruce del gobierno de Mauricio Macri luego de que condicionara la asistencia financiera a la provincia patag\u00f3nica a acotarse a un plan &#8220;serio&#8221; de ordenamiento de las cuentas p\u00fablicas. En ese marco, cuestion\u00f3: &#8220;\u00bfCu\u00e1l es el plan serio? \u00bfEchar gente? No lo voy a hacer&#8221;<\/strong><\/em><\/p>\n<p>&nbsp;<\/p>\n<p>&nbsp;<\/p>\n<p>&nbsp;<\/p>\n<p>&nbsp;<\/p>\n<p>&nbsp;<\/p>\n<p>En di\u00e1logo con Radio Provincia LU14, Alicia Kirchner critic\u00f3 al ministro de Interior Rogelio Frigerio que pidi\u00f3 que la provincia se deje ayudar y que presente un &#8220;plan serio&#8221; para Santa Cruz.<\/p>\n<p>&nbsp;<\/p>\n<p>&#8220;Tenemos 1595 millones de pesos de egresos entre sueldos de activos y pasivos. La Naci\u00f3n los adelant\u00f3 y se los tengo que devolver. Me manejo absolutamente con los ingresos provinciales, por coparticipaci\u00f3n nacional, coparticipaci\u00f3n provincial y regal\u00edas m\u00e1s leyes especiales&#8221;, explic\u00f3 la mandataria provincial. Y agreg\u00f3: &#8220;En marzo de 2016 entregu\u00e9 todos los n\u00fameros de la provincia. Necesito los adelanto por coparticipaci\u00f3n que despu\u00e9s la provincia lo tiene que pagar&#8221;.<\/p>\n<p>&nbsp;<\/p>\n<p>En tanto, remarc\u00f3 que si el Gobierno quiere un plan serio para Santa Cruz, se necesita &#8220;que las represas est\u00e9n funcionando&#8221; y que los reembolsos patag\u00f3nicos vuelvan a tenerlos la provincia porque &#8220;significan 346 millones de pesos en el a\u00f1o&#8221;.<\/p>\n<p>&nbsp;<\/p>\n<p>Respecto de las represas destac\u00f3 que si estuvieran funcionando habr\u00eda cinco mil empleos y &#8220;se mover\u00eda la actividad econom\u00eda&#8221;. &#8220;Hoy todo est\u00e1 sujeto a los ingresos de los empleados p\u00fablicos. Son los que mueven la econom\u00eda en la provincia&#8221;, concluy\u00f3.<\/p>\n<p>&nbsp;<\/p>\n<p>El ministro del Interior, Rogelio Frigerio, sostuvo que la gobernadora de Santa Cruz, Alicia Kirchner &#8220;pretend\u00eda que el Gobierno emitiera pesos en el (Banco) Central&#8221; para asistir a esa provincia, que afrontar una crisis financiera, al tiempo que remarc\u00f3 que &#8220;nadie va a financiar un d\u00e9ficit que aparezca como eterno&#8221;.<\/p>\n<p>&nbsp;<\/p>\n<p>Frigerio volvi\u00f3 a descartar la intervenci\u00f3n a esa provincia, y remarc\u00f3 en di\u00e1logo con Radio 10, que cuando el gobierno nacional y la administraci\u00f3n de la gobernadora se pongan de acuerdo en un plan para ordenar Santa Cruz de manera gradual y &#8220;que haya un equilibrio de las cuentas p\u00fablicas&#8221;, van a realizar planes para asistirlos financieramente.<\/p>\n","protected":false},"excerpt":{"rendered":"<p>La gobernadora de Santa Cruz Alicia Kirchner sali\u00f3 al cruce del gobierno de Mauricio Macri luego de que condicionara la asistencia financiera a la provincia patag\u00f3nica a acotarse a un plan &#8220;serio&#8221; de ordenamiento de las cuentas p\u00fablicas. En ese marco, cuestion\u00f3: &#8220;\u00bfCu\u00e1l es el plan serio? \u00bfEchar gente? No lo voy a hacer&#8221; &nbsp; &nbsp; &nbsp; &nbsp; &nbsp; En di\u00e1logo con Radio Provincia LU14, Alicia Kirchner critic\u00f3 al ministro de Interior Rogelio Frigerio que pidi\u00f3 que la provincia se deje ayudar y que presente un &#8220;plan serio&#8221; para Santa&#8230;<\/p>\n","protected":false},"author":3,"featured_media":10607,"comment_status":"closed","ping_status":"closed","sticky":false,"template":"","format":"standard","meta":[],"categories":[18],"tags":[],"_links":{"self":[{"href":"https:\/\/www.actualidadadiario.com\/index.php\/wp-json\/wp\/v2\/posts\/10606"}],"collection":[{"href":"https:\/\/www.actualidadadiario.com\/index.php\/wp-json\/wp\/v2\/posts"}],"about":[{"href":"https:\/\/www.actualidadadiario.com\/index.php\/wp-json\/wp\/v2\/types\/post"}],"author":[{"embeddable":true,"href":"https:\/\/www.actualidadadiario.com\/index.php\/wp-json\/wp\/v2\/users\/3"}],"replies":[{"embeddable":true,"href":"https:\/\/www.actualidadadiario.com\/index.php\/wp-json\/wp\/v2\/comments?post=10606"}],"version-history":[{"count":1,"href":"https:\/\/www.actualidadadiario.com\/index.php\/wp-json\/wp\/v2\/posts\/10606\/revisions"}],"predecessor-version":[{"id":10608,"href":"https:\/\/www.actualidadadiario.com\/index.php\/wp-json\/wp\/v2\/posts\/10606\/revisions\/10608"}],"wp:featuredmedia":[{"embeddable":true,"href":"https:\/\/www.actualidadadiario.com\/index.php\/wp-json\/wp\/v2\/media\/10607"}],"wp:attachment":[{"href":"https:\/\/www.actualidadadiario.com\/index.php\/wp-json\/wp\/v2\/media?parent=10606"}],"wp:term":[{"taxonomy":"category","embeddable":true,"href":"https:\/\/www.actualidadadiario.com\/index.php\/wp-json\/wp\/v2\/categories?post=10606"},{"taxonomy":"post_tag","embeddable":true,"href":"https:\/\/www.actualidadadiario.com\/index.php\/wp-json\/wp\/v2\/tags?post=10606"}],"curies":[{"name":"wp","href":"https:\/\/api.w.org\/{rel}","templated":true}]}}