{"id":10603,"date":"2017-04-26T09:35:16","date_gmt":"2017-04-26T12:35:16","guid":{"rendered":"http:\/\/actualidadadiario.com\/site\/?p=10603"},"modified":"2017-04-26T09:35:16","modified_gmt":"2017-04-26T12:35:16","slug":"ante-senadores-pena-prometio-una-baja-fuerte-de-la-inflacion","status":"publish","type":"post","link":"https:\/\/www.actualidadadiario.com\/index.php\/2017\/04\/26\/ante-senadores-pena-prometio-una-baja-fuerte-de-la-inflacion\/","title":{"rendered":"Ante senadores, Pe\u00f1a prometi\u00f3 &#8220;una baja fuerte de la inflaci\u00f3n&#8221;"},"content":{"rendered":"<p><em><strong>El jefe de Gabinete, Marcos Pe\u00f1a, brind\u00f3 su informe mensual ante el Senado, donde asegur\u00f3 que &#8220;en los siguientes meses se va a notar una baja fuerte de la inflaci\u00f3n&#8221;<\/strong><\/em><\/p>\n<p>&nbsp;<\/p>\n<p>&nbsp;<\/p>\n<p>&nbsp;<\/p>\n<p>&nbsp;<\/p>\n<p>La mayor parte de su exposici\u00f3n, as\u00ed como las respuestas a las preguntas de los senadores, estuvieron dedicadas al escenario macroecon\u00f3mico y &#8220;la inserci\u00f3n internacional&#8221; de la Argentina, adem\u00e1s de un pedido para que el Senado se pronuncie formalmente sobre la situaci\u00f3n de Venezuela.<\/p>\n<p>&nbsp;<\/p>\n<p>El jefe de Gabinete explic\u00f3 que &#8220;en los meses de mayo y junio hay una presi\u00f3n inflacionaria&#8221; por los cambios en las tarifas, pero asegur\u00f3 que &#8220;en los siguientes meses se va a notar una baja fuerte de la inflaci\u00f3n&#8221;.<\/p>\n<p>&nbsp;<\/p>\n<p>Sobre este tema, record\u00f3 que &#8220;las metas de inflaci\u00f3n son entre el 12 y el 17 para 2017&#8221; y destac\u00f3 que &#8220;son metas ambiciosas, con un cronograma de reducci\u00f3n del d\u00e9ficit&#8221;, al tiempo que remarc\u00f3 que &#8220;bajar el d\u00e9ficit fiscal es el mayor desaf\u00edo del Gobierno&#8221;.<\/p>\n<p>&nbsp;<\/p>\n<p>Adem\u00e1s, el ministro coordinador sostuvo que el Gobierno est\u00e1 convencido de que &#8220;en 2017 la Argentina va a crecer y va a terminar de confirmar la salida de esta situaci\u00f3n de estancamiento&#8221;, aunque aclar\u00f3 que es posible que &#8220;debido a lo da\u00f1ada que est\u00e1 la estructura econ\u00f3mica del pa\u00eds, no se sienta inmediatamente y al mismo tiempo en todos lados&#8221;.<\/p>\n<p>&nbsp;<\/p>\n<p>Al respecto, sostuvo que los indicios de ese crecimiento est\u00e1n dados por &#8220;la venta de materiales para la construcci\u00f3n que creci\u00f3 11,6 por ciento en marzo, la pavimentaci\u00f3n que impuls\u00f3 las ventas de cemento m\u00e1s de 15 por ciento&#8221; y el otorgamiento de &#8220;cinco mil millones de pesos en pr\u00e9stamos hipotecarios UVA&#8221;.<\/p>\n<p>&nbsp;<\/p>\n<p>Tambi\u00e9n afirm\u00f3 que creci\u00f3 el &#8220;patentamiento de motos 54 por ciento y de autos 42 por ciento en marzo, frente a 2016&#8221;, al tiempo que indic\u00f3 que &#8220;el salario real creci\u00f3 tres por ciento en enero con respecto al mismo mes en 2016&#8221;.<\/p>\n<p>&nbsp;<\/p>\n<p>&nbsp;<\/p>\n<p>&nbsp;<\/p>\n<p><strong>Cruce con el kirchnerismo<\/strong><\/p>\n<p>Pe\u00f1a atraves\u00f3 la sesi\u00f3n sin sobresaltos, m\u00e1s all\u00e1 de las respuestas en duros t\u00e9rminos que les dedic\u00f3 a los senadores Jos\u00e9 Mayans y Daniel P\u00e9rsico, del PJ-FPV, quienes criticaron la pol\u00edtica econ\u00f3mica y el tratamiento que el Gobierno le da a la oposici\u00f3n.<\/p>\n<p>&nbsp;<\/p>\n<p>Si bien los cruces con los senadores m\u00e1s cr\u00edticos no alcanzaron el nivel que tuvieron durante el paso del jefe de Gabinete por la C\u00e1mara de Diputados 22 de marzo pasado, la tensi\u00f3n se sinti\u00f3 cuando el senador P\u00e9rsico advirti\u00f3 sobre una supuesta &#8220;discriminaci\u00f3n&#8221; de los trabajadores estatales a la hora de decidir sus despidos.<\/p>\n<p>&nbsp;<\/p>\n<p>En respuesta, el jefe de Gabinete afirm\u00f3 que el Gobierno &#8220;no tolerar\u00e1 ning\u00fan acto de persecuci\u00f3n pol\u00edtica ni ideol\u00f3gica&#8221; y, tras calificar como &#8220;injusto e injustificado&#8221; decir que el oficialismo tiene una &#8220;actitud de confrontaci\u00f3n o de violencia&#8221;, dispar\u00f3: &#8220;La expresidenta no concurri\u00f3 siquiera a la ceremonia de traspaso de poder. Ese fue el mayor acto de violencia institucional de los \u00faltimos tiempos&#8221;.<\/p>\n<p>&nbsp;<\/p>\n<p>Lo mismo ocurri\u00f3 cuando el formose\u00f1o Mayans advirti\u00f3 que &#8220;si no cambian la visi\u00f3n que tienen de la implementaci\u00f3n de la pol\u00edtica econ\u00f3mica la cosa va a terminar peor que en el gobierno de la Alianza&#8221;, ante lo cual Pe\u00f1a lament\u00f3 &#8220;el tono de amenaza&#8221; del senador del PJ-FPV.<\/p>\n<p>&nbsp;<\/p>\n<p>De todas formas, durante la sesi\u00f3n no estuvieron los principales senadores del sector kirchnerista del bloque PJ-FPV, a pesar de que s\u00ed hab\u00edan elevado preguntas por escrito al jefe de ministros.<\/p>\n","protected":false},"excerpt":{"rendered":"<p>El jefe de Gabinete, Marcos Pe\u00f1a, brind\u00f3 su informe mensual ante el Senado, donde asegur\u00f3 que &#8220;en los siguientes meses se va a notar una baja fuerte de la inflaci\u00f3n&#8221; &nbsp; &nbsp; &nbsp; &nbsp; La mayor parte de su exposici\u00f3n, as\u00ed como las respuestas a las preguntas de los senadores, estuvieron dedicadas al escenario macroecon\u00f3mico y &#8220;la inserci\u00f3n internacional&#8221; de la Argentina, adem\u00e1s de un pedido para que el Senado se pronuncie formalmente sobre la situaci\u00f3n de Venezuela. &nbsp; El jefe de Gabinete explic\u00f3 que &#8220;en los meses de mayo&#8230;<\/p>\n","protected":false},"author":3,"featured_media":10604,"comment_status":"closed","ping_status":"closed","sticky":false,"template":"","format":"standard","meta":[],"categories":[18],"tags":[],"_links":{"self":[{"href":"https:\/\/www.actualidadadiario.com\/index.php\/wp-json\/wp\/v2\/posts\/10603"}],"collection":[{"href":"https:\/\/www.actualidadadiario.com\/index.php\/wp-json\/wp\/v2\/posts"}],"about":[{"href":"https:\/\/www.actualidadadiario.com\/index.php\/wp-json\/wp\/v2\/types\/post"}],"author":[{"embeddable":true,"href":"https:\/\/www.actualidadadiario.com\/index.php\/wp-json\/wp\/v2\/users\/3"}],"replies":[{"embeddable":true,"href":"https:\/\/www.actualidadadiario.com\/index.php\/wp-json\/wp\/v2\/comments?post=10603"}],"version-history":[{"count":1,"href":"https:\/\/www.actualidadadiario.com\/index.php\/wp-json\/wp\/v2\/posts\/10603\/revisions"}],"predecessor-version":[{"id":10605,"href":"https:\/\/www.actualidadadiario.com\/index.php\/wp-json\/wp\/v2\/posts\/10603\/revisions\/10605"}],"wp:featuredmedia":[{"embeddable":true,"href":"https:\/\/www.actualidadadiario.com\/index.php\/wp-json\/wp\/v2\/media\/10604"}],"wp:attachment":[{"href":"https:\/\/www.actualidadadiario.com\/index.php\/wp-json\/wp\/v2\/media?parent=10603"}],"wp:term":[{"taxonomy":"category","embeddable":true,"href":"https:\/\/www.actualidadadiario.com\/index.php\/wp-json\/wp\/v2\/categories?post=10603"},{"taxonomy":"post_tag","embeddable":true,"href":"https:\/\/www.actualidadadiario.com\/index.php\/wp-json\/wp\/v2\/tags?post=10603"}],"curies":[{"name":"wp","href":"https:\/\/api.w.org\/{rel}","templated":true}]}}