{"id":106004,"date":"2023-08-07T15:05:58","date_gmt":"2023-08-07T18:05:58","guid":{"rendered":"https:\/\/www.actualidadadiario.com\/?p=106004"},"modified":"2023-08-07T15:05:58","modified_gmt":"2023-08-07T18:05:58","slug":"el-papa-francisco-confirmo-que-no-tiene-problemas-de-vision-y-esta-bien-de-salud","status":"publish","type":"post","link":"https:\/\/www.actualidadadiario.com\/index.php\/2023\/08\/07\/el-papa-francisco-confirmo-que-no-tiene-problemas-de-vision-y-esta-bien-de-salud\/","title":{"rendered":"El papa Francisco confirm\u00f3 que no tiene problemas de visi\u00f3n y est\u00e1 bien de salud"},"content":{"rendered":"<p style=\"text-align: center;\"><em><strong>Al regresar de la JMJ de Lisboa, el Pont\u00edfice cont\u00f3 en la conferencia de prensa que brind\u00f3 arriba del avi\u00f3n que su salud es buena y descart\u00f3 problemas de visi\u00f3n. Tambi\u00e9n se refiri\u00f3 a los homosexuales y a la &#8220;tolerancia cero&#8221; de los abusos en la Iglesia<\/strong><\/em><\/p>\n<p>&nbsp;<\/p>\n<p>&nbsp;<\/p>\n<p>El Papa Francisco regres\u00f3 anoche a Roma (aterriz\u00f3 a las 22:00 hora local) tras cinco d\u00edas con m\u00e1s de 1,5 millones de j\u00f3venes de todo el mundo que participaron de la Jornada Mundial de la Juventud (JMJ), el evento m\u00e1s importante que realiza la Iglesia cat\u00f3lica y que lo consolid\u00f3 como l\u00edder mundial marcando los principales temas de la agenda internacional como el pedido de paz ante la guerra en Ucrania y los focos de conflicto en el mundo y el cambio clim\u00e1tico que confi\u00f3 a las nuevas generaciones su lucha para detenerlo. Tambi\u00e9n conden\u00f3 la terrible plaga de los abusos a menores dentro del seno eclesi\u00e1stico.<\/p>\n<p>En el avi\u00f3n, un Airbus A321 de TAP Portugal que lo llev\u00f3 de regreso a Italia cumpliendo as\u00ed su 42 Viaje Apost\u00f3lico, el Pont\u00edfice en conferencia de prensa con los periodistas habl\u00f3 de su salud, de los homosexuales, de la \u201ctolerancia cero\u201d en los abusos a menores y de la inmigraci\u00f3n.<\/p>\n<p>Tambi\u00e9n explic\u00f3 que ir\u00e1 pr\u00f3ximamente a Marsella porque le preocupa el tema de los migrantes, sobre todo en los campos de concentraci\u00f3n del norte de \u00c1frica, a los que defini\u00f3 como un cementerio a\u00fan m\u00e1s grande que el Mediterr\u00e1neo.<\/p>\n<p>Al preguntarle por su salud no dud\u00f3 en responder: \u201cMi salud est\u00e1 bien. Los puntos me los han quitado, hago vida normal. Llevo faja, tengo que llevarla durante dos meses, hasta que los m\u00fasculos est\u00e9n listos&#8221;, refiri\u00e9ndose a c\u00f3mo est\u00e1 atravesando el post operatorio de la cirug\u00eda de hernia intestinal que tuvo hace pocos meses.<\/p>\n<p>&nbsp;<\/p>\n<p><strong>La pol\u00e9mica al no leer los discursos<\/strong><\/p>\n<p>En medio de los numerosos eventos en agenda a los cuales Francisco participaba a diario en su visita a Portugal, en reiteradas ocasiones decidi\u00f3 -a \u00faltimo minuto- no leer el discurso que ten\u00eda preparado, despertando dudas sobre su salud y un posible problema en la vista.<\/p>\n<p>Es por esto que en cuanto a su visi\u00f3n confirm\u00f3 que \u201cest\u00e1 bien\u201d y cont\u00f3 refiri\u00e9ndose a la visita a la iglesia del barrio marginal de Serafina, en la periferia de Lisboa \u201cen la parroquia de Serafina el viernes hab\u00eda una luz que me molestaba\u201d explicando porqu\u00e9 interrumpi\u00f3 la lectura.<\/p>\n<p>Y en general sobre los discursos que interrumpi\u00f3 en estos d\u00edas en Portugal dijo que \u201cCuando hablo, excepto en homil\u00edas acad\u00e9micas, trato de hacer esto, busco la comunicaci\u00f3n. Incluso en las homil\u00edas acad\u00e9micas hago bromas para controlar la comunicaci\u00f3n. Con los j\u00f3venes las charlas fueron largas y resum\u00ed los puntos esenciales del mensaje, la idea fundamental. Hice preguntas y el eco me ayud\u00f3. Los j\u00f3venes no tienen mucha capacidad de atenci\u00f3n. Una idea, una imagen y un sentimiento, ocho minutos te pueden seguir\u201d dejando en claro de esta manera que con los j\u00f3venes es mejor dialogar que leer los mensajes.<\/p>\n<p>&nbsp;<\/p>\n<p><strong>Misas cortas, claras y afectuosas<\/strong><\/p>\n<p>Y al explicar por qu\u00e9 no ley\u00f3 en varias ocasiones sus discursos en la JMJ tambi\u00e9n mand\u00f3 un mensaje para los curas y p\u00e1rrocos: \u201cEn Evangelii gaudium -haciendo referencia a la exhortaci\u00f3n apost\u00f3lica sobre el anuncio del evangelio en el mundo actual- escrib\u00ed un largo cap\u00edtulo sobre la homil\u00eda. Las homil\u00edas son a veces una tortura. La Iglesia debe convertirse en este aspecto de la homil\u00eda, breve, clara, con un mensaje claro y afectuoso\u201d refiri\u00e9ndose a c\u00f3mo tienen que ser las misas en la actualidad.<\/p>\n<p>&nbsp;<\/p>\n<p><strong>\u201cTodos\u201d, tambi\u00e9n las homosexuales<\/strong><\/p>\n<p>Por otro lado, preguntado por si no es una incongruencia decir que la Iglesia est\u00e1 abierta a todos, cuando por ejemplo los homosexuales no pueden recibir todos los sacramentos, el Papa aclar\u00f3 que &#8220;la Iglesia est\u00e1 abierta a todos&#8221; pero &#8220;luego hay leyes que regulan la vida dentro de la Iglesia&#8221;.<\/p>\n<p>&#8220;El que est\u00e1 dentro est\u00e1 seg\u00fan la legislaci\u00f3n&#8230; Lo que dices es una simplificaci\u00f3n de decir: &#8216;No puede realizar los sacramentos&#8217;. Esto no significa que la Iglesia est\u00e9 cerrada. Cada uno encuentra a Dios a su manera dentro de la Iglesia&#8221;, precis\u00f3.<\/p>\n<p>De todas maneras, puntualiz\u00f3 que las personas homosexuales tambi\u00e9n est\u00e1n dentro de ese &#8220;todos&#8221; que integran la iglesia de Francisco. &#8220;Para esto h\u00e1ganse una pregunta: \u00bfpor qu\u00e9 los homosexuales no? \u00a1Todos! Y el Se\u00f1or es claro: enfermos, sanos, viejos y j\u00f3venes, feos y hermosos, buenos y malos. Hay como una mirada que no entiende esta inserci\u00f3n de la Iglesia como madre y la piensa como una especie de compa\u00f1\u00eda que para entrar hay que hacer esto, hacerlo de esta manera y no de otra&#8221;, ha explicado.<\/p>\n<p>&nbsp;<\/p>\n<p><strong>La terrible peste de los abusos y tolerancia cero<\/strong><\/p>\n<p>Respecto a los abusos, el Papa se\u00f1al\u00f3 que, durante su visita a Lisboa, recibi\u00f3 en privado a un grupo de v\u00edctimas y hablaron &#8220;de esta terrible peste&#8221;.<\/p>\n<p>En la Iglesia -seg\u00fan reconocido- &#8220;se sigui\u00f3 m\u00e1s o menos el mismo comportamiento que se sigue actualmente en algunas familias y en los barrios: uno los tapa&#8221;, pero a\u00f1adi\u00f3 que en la Iglesia han tomado conciencia, sobre todo &#8220;desde el esc\u00e1ndalo de Boston&#8221;, aunque a\u00fan tienen que &#8220;madurar&#8221;.<\/p>\n<p>&#8220;Todav\u00eda tenemos que madurar y ayudar a descubrir estas cosas. Desde el esc\u00e1ndalo de Boston, la Iglesia tom\u00f3 conciencia que no era posible ir por caminos aleatorios, sino que hab\u00eda que tomar el toro por las astas&#8221;, subray\u00f3, insistiendo en la &#8220;tolerancia cero&#8221; contra los abusos y en la asunci\u00f3n de &#8220;responsabilidades&#8221; por parte de los curas.<\/p>\n<p>En concreto, acerca del caso de Portugal con 4.800 denuncias en los \u00faltimos 70 a\u00f1os, asegur\u00f3 que el proceso &#8220;va bien, con serenidad&#8221; y ha precisado que &#8220;los n\u00fameros a veces acaban siendo exagerados, en parte por los comentarios&#8221; que se hacen.<\/p>\n<p>En esta l\u00ednea, el Papa tambi\u00e9n aprovech\u00f3 para alertar del abuso sexual infantil al que se puede acceder desde cualquier tel\u00e9fono. &#8220;Esto entra a nuestras casas y se filma en vivo el abuso sexual infantil. \u00bfD\u00f3nde est\u00e1 filmando? \u00bfQui\u00e9nes son los responsables? Esta es una de las plagas m\u00e1s graves&#8221;, dijo, al tiempo que alert\u00f3 asimismo de otros tipos de abusos como el trabajo infantil o la ablaci\u00f3n del cl\u00edtoris a las ni\u00f1as, que ha tachado de &#8220;crueldad&#8221;.<\/p>\n","protected":false},"excerpt":{"rendered":"<p>Al regresar de la JMJ de Lisboa, el Pont\u00edfice cont\u00f3 en la conferencia de prensa que brind\u00f3 arriba del avi\u00f3n que su salud es buena y descart\u00f3 problemas de visi\u00f3n. Tambi\u00e9n se refiri\u00f3 a los homosexuales y a la &#8220;tolerancia cero&#8221; de los abusos en la Iglesia &nbsp; &nbsp; El Papa Francisco regres\u00f3 anoche a Roma (aterriz\u00f3 a las 22:00 hora local) tras cinco d\u00edas con m\u00e1s de 1,5 millones de j\u00f3venes de todo el mundo que participaron de la Jornada Mundial de la Juventud (JMJ), el evento m\u00e1s importante&#8230;<\/p>\n","protected":false},"author":3,"featured_media":106005,"comment_status":"closed","ping_status":"closed","sticky":false,"template":"","format":"standard","meta":[],"categories":[4],"tags":[],"_links":{"self":[{"href":"https:\/\/www.actualidadadiario.com\/index.php\/wp-json\/wp\/v2\/posts\/106004"}],"collection":[{"href":"https:\/\/www.actualidadadiario.com\/index.php\/wp-json\/wp\/v2\/posts"}],"about":[{"href":"https:\/\/www.actualidadadiario.com\/index.php\/wp-json\/wp\/v2\/types\/post"}],"author":[{"embeddable":true,"href":"https:\/\/www.actualidadadiario.com\/index.php\/wp-json\/wp\/v2\/users\/3"}],"replies":[{"embeddable":true,"href":"https:\/\/www.actualidadadiario.com\/index.php\/wp-json\/wp\/v2\/comments?post=106004"}],"version-history":[{"count":1,"href":"https:\/\/www.actualidadadiario.com\/index.php\/wp-json\/wp\/v2\/posts\/106004\/revisions"}],"predecessor-version":[{"id":106006,"href":"https:\/\/www.actualidadadiario.com\/index.php\/wp-json\/wp\/v2\/posts\/106004\/revisions\/106006"}],"wp:featuredmedia":[{"embeddable":true,"href":"https:\/\/www.actualidadadiario.com\/index.php\/wp-json\/wp\/v2\/media\/106005"}],"wp:attachment":[{"href":"https:\/\/www.actualidadadiario.com\/index.php\/wp-json\/wp\/v2\/media?parent=106004"}],"wp:term":[{"taxonomy":"category","embeddable":true,"href":"https:\/\/www.actualidadadiario.com\/index.php\/wp-json\/wp\/v2\/categories?post=106004"},{"taxonomy":"post_tag","embeddable":true,"href":"https:\/\/www.actualidadadiario.com\/index.php\/wp-json\/wp\/v2\/tags?post=106004"}],"curies":[{"name":"wp","href":"https:\/\/api.w.org\/{rel}","templated":true}]}}