{"id":106001,"date":"2023-08-07T15:05:04","date_gmt":"2023-08-07T18:05:04","guid":{"rendered":"https:\/\/www.actualidadadiario.com\/?p=106001"},"modified":"2023-08-07T15:05:04","modified_gmt":"2023-08-07T18:05:04","slug":"francia-encontraron-a-una-mujer-que-estuvo-secuestrada-durante-12-anos","status":"publish","type":"post","link":"https:\/\/www.actualidadadiario.com\/index.php\/2023\/08\/07\/francia-encontraron-a-una-mujer-que-estuvo-secuestrada-durante-12-anos\/","title":{"rendered":"Francia: encontraron a una mujer que estuvo secuestrada durante 12 a\u00f1os"},"content":{"rendered":"<p style=\"text-align: center;\"><em><strong>Detuvieron a su marido de 55 a\u00f1os, indic\u00f3 una fuente policial. La se\u00f1ora de 53 a\u00f1os luc\u00eda en estado deplorable, pero al menos pudo llamar y pedir auxilio<\/strong><\/em><\/p>\n<p>&nbsp;<\/p>\n<p>&nbsp;<\/p>\n<p>Las fuerzas de seguridad descubrieron a una mujer de 53 a\u00f1os secuestrada desde 2011 y probablemente torturada en el noroeste de Francia, y detuvieron a su marido de 55 a\u00f1os, indic\u00f3 una fuente policial.<\/p>\n<p>Los agentes que acudieron a la vivienda encontraron a la v\u00edctima encerrada en una habitaci\u00f3n y en condiciones terribles: desnuda, desnutrida, con la cabeza rapada y signos de antiguas fracturas en las extremidades, por lo que fue hospitalizada.<\/p>\n<p>La Polic\u00eda detuvo al hombre y lo dej\u00f3 bajo custodia. La pareja ser\u00eda de nacionalidad alemana y se encontraba en la ciudad francesa de Forbach, situada junto a la frontera de Francia con Alemania.<\/p>\n<p>Los primeros indicios apuntan a que la mujer fue probablemente torturada, seg\u00fan la fuente policial. En el piso de la pareja se encontr\u00f3 una cama de tortura, seg\u00fan RMC.<\/p>\n<p>Las autoridades francesas fueron alertadas por la Polic\u00eda alemana, que recibi\u00f3 una llamada de auxilio de la v\u00edctima cuando esta pudo tener acceso a un tel\u00e9fono m\u00f3vil en la noche del domingo, indicaron fuentes policiales a medios locales.<\/p>\n<p>La Fiscal\u00eda abri\u00f3 una investigaci\u00f3n por secuestro, violaci\u00f3n agravada y actos de tortura y barbarie.<\/p>\n","protected":false},"excerpt":{"rendered":"<p>Detuvieron a su marido de 55 a\u00f1os, indic\u00f3 una fuente policial. La se\u00f1ora de 53 a\u00f1os luc\u00eda en estado deplorable, pero al menos pudo llamar y pedir auxilio &nbsp; &nbsp; Las fuerzas de seguridad descubrieron a una mujer de 53 a\u00f1os secuestrada desde 2011 y probablemente torturada en el noroeste de Francia, y detuvieron a su marido de 55 a\u00f1os, indic\u00f3 una fuente policial. Los agentes que acudieron a la vivienda encontraron a la v\u00edctima encerrada en una habitaci\u00f3n y en condiciones terribles: desnuda, desnutrida, con la cabeza rapada y&#8230;<\/p>\n","protected":false},"author":3,"featured_media":106002,"comment_status":"closed","ping_status":"closed","sticky":false,"template":"","format":"standard","meta":[],"categories":[4],"tags":[],"_links":{"self":[{"href":"https:\/\/www.actualidadadiario.com\/index.php\/wp-json\/wp\/v2\/posts\/106001"}],"collection":[{"href":"https:\/\/www.actualidadadiario.com\/index.php\/wp-json\/wp\/v2\/posts"}],"about":[{"href":"https:\/\/www.actualidadadiario.com\/index.php\/wp-json\/wp\/v2\/types\/post"}],"author":[{"embeddable":true,"href":"https:\/\/www.actualidadadiario.com\/index.php\/wp-json\/wp\/v2\/users\/3"}],"replies":[{"embeddable":true,"href":"https:\/\/www.actualidadadiario.com\/index.php\/wp-json\/wp\/v2\/comments?post=106001"}],"version-history":[{"count":1,"href":"https:\/\/www.actualidadadiario.com\/index.php\/wp-json\/wp\/v2\/posts\/106001\/revisions"}],"predecessor-version":[{"id":106003,"href":"https:\/\/www.actualidadadiario.com\/index.php\/wp-json\/wp\/v2\/posts\/106001\/revisions\/106003"}],"wp:featuredmedia":[{"embeddable":true,"href":"https:\/\/www.actualidadadiario.com\/index.php\/wp-json\/wp\/v2\/media\/106002"}],"wp:attachment":[{"href":"https:\/\/www.actualidadadiario.com\/index.php\/wp-json\/wp\/v2\/media?parent=106001"}],"wp:term":[{"taxonomy":"category","embeddable":true,"href":"https:\/\/www.actualidadadiario.com\/index.php\/wp-json\/wp\/v2\/categories?post=106001"},{"taxonomy":"post_tag","embeddable":true,"href":"https:\/\/www.actualidadadiario.com\/index.php\/wp-json\/wp\/v2\/tags?post=106001"}],"curies":[{"name":"wp","href":"https:\/\/api.w.org\/{rel}","templated":true}]}}