{"id":105998,"date":"2023-08-07T14:54:41","date_gmt":"2023-08-07T17:54:41","guid":{"rendered":"https:\/\/www.actualidadadiario.com\/?p=105998"},"modified":"2023-08-07T14:54:41","modified_gmt":"2023-08-07T17:54:41","slug":"la-cgt-prepara-su-acto-para-respaldar-la-candidatura-de-sergio-massa","status":"publish","type":"post","link":"https:\/\/www.actualidadadiario.com\/index.php\/2023\/08\/07\/la-cgt-prepara-su-acto-para-respaldar-la-candidatura-de-sergio-massa\/","title":{"rendered":"La CGT prepara su acto para respaldar la candidatura de Sergio Massa"},"content":{"rendered":"<p style=\"text-align: center;\"><em><strong>De cara al acto que la CGT ofrecer\u00e1 este martes en apoyo a la f\u00f3rmula Massa-Rossi, el secretario adjunto de esa central H\u00e9ctor Daer sostuvo que la propuesta de la oposici\u00f3n de hacer caer los convenios colectivos de trabajo fue \u201cuna provocaci\u00f3n\u201d y ratific\u00f3 que una modificaci\u00f3n como la que plantea el macrismo \u201ces imposible\u201d<\/strong><\/em><\/p>\n<p>&nbsp;<\/p>\n<p>&nbsp;<\/p>\n<p>A menos de una semana de las primarias que definir\u00e1n qui\u00e9nes ser\u00e1n los candidatos para las generales de octubre, el acto contra \u201cla quita de derechos\u201d fue motorizado tras la propuesta de eliminar la ultraactividad planteada por Juntos por el Cambio, al estilo de la reforma laboral del gobierno de Fernando de la R\u00faa en 2000.<\/p>\n<p>&nbsp;<\/p>\n<p><strong>En defensa de los convenios de trabajo<\/strong><\/p>\n<p>A\u00fan no est\u00e1n definidos qui\u00e9nes ser\u00e1n los oradores de esa convocatoria pero Daer sali\u00f3 a reforzar cu\u00e1l ser\u00e1 la l\u00ednea que plantear\u00e1n los discursos. Derogar la ultraactividad \u201ces contradecir la progresividad del derecho\u201d, cuando en verdad \u201clos derechos tienen que ir avanzando\u201d, puntualiz\u00f3.<\/p>\n<p>Adem\u00e1s, el dirigente sostuvo que esa iniciativa presentada por el ex ministro Dante Sica, alineado con Patricia Bullrich, \u201csuena a provocaci\u00f3n\u201d, en la que no est\u00e1 claro si la hicieron &#8220;para entrar en el debate\u201d del tema \u201co porque est\u00e1n convencidos de que los trabajadores formales tienen privilegios\u201d.<\/p>\n<p>Sea cual fuere el motivo, Daer sentenci\u00f3 que \u201ces imposible dejar sin efecto los convenios que rigen las actividades\u201d porque fueron \u201cacordados entre las c\u00e1maras empresarias y los sindicatos\u201d.<\/p>\n<p>&nbsp;<\/p>\n<p><strong>&#8220;El problema no est\u00e1 en la legislaci\u00f3n laboral&#8221;<\/strong><\/p>\n<p>Con la propuesta de promover una nueva reforma laboral regresiva, Juntos por el Cambio arrancar\u00eda con los gremios una relaci\u00f3n \u201cal rev\u00e9s\u201d de lo que debiera ser, puntualiz\u00f3 el gremialista durante una entrevista por Radio Con Vos.<\/p>\n<p>\u201cEn vez de proponernos un pa\u00eds que se desarrolle, que tenga empleo, donde haya movilidad ascendente y se genere una expectativa favorable al desarrollo humano de la sociedad\u201d, el macrismo \u201cplantea en forma desbocada que parte del problema son los trabajadores\u201d, cuestion\u00f3.<\/p>\n<p>En este sentido, subray\u00f3 que \u201cel problema no est\u00e1 en la legislaci\u00f3n laboral\u201d porque, inclusive, lo que se interpreta como \u201cel \u2018costo de salario\u2019 es baj\u00edsimo en t\u00e9rminos de la competitividad internacional, y el problema (econ\u00f3mico de las empresas) sigue sin resolverse\u201d.<\/p>\n<p>Uno de los problemas reales, a\u00f1adi\u00f3, \u201ces que tuvimos problemas financieros\u201d promovidos por el gobierno macrista que facilit\u00f3 la especulaci\u00f3n financiera. Y el otro es que \u201cnos dejaron un endeudamiento que es la mochila de plomo\u201d que a\u00fan carga el pa\u00eds.<\/p>\n<p>No obstante, Daer reconoci\u00f3 que \u201ces posible que haya errores\u201d en la legislaci\u00f3n que se puedan subsanar. Cit\u00f3 como ejemplo \u201cerrores\u201d en la contrataci\u00f3n de un empleado que a veces \u201cgeneran la multiplicaci\u00f3n de una indemnizaci\u00f3n\u201d.<\/p>\n<p>Estas son, en su opini\u00f3n, \u201ccircunstancias que hay que revisar\u201d pero \u201cno borrarlas\u201d como propusieron Dante Sica y Patricia Bullrich.<\/p>\n<p>\u201cSimplificar mecanismos de contrataci\u00f3n\u201d dentro de un convenio de trabajo \u201cno es flexibilizar sino generar instrumentos para que no haya errores\u201d al darle empleo a una persona, explic\u00f3.<\/p>\n<p>El acto de este martes tendr\u00e1 lugar en el estadio DirecTV Arena de Tortuguitas, a las 16. Dirigentes y militantes confluir\u00e1n convocados bajo la consigna &#8220;volver al trabajo y votar por los derechos&#8221;.<\/p>\n","protected":false},"excerpt":{"rendered":"<p>De cara al acto que la CGT ofrecer\u00e1 este martes en apoyo a la f\u00f3rmula Massa-Rossi, el secretario adjunto de esa central H\u00e9ctor Daer sostuvo que la propuesta de la oposici\u00f3n de hacer caer los convenios colectivos de trabajo fue \u201cuna provocaci\u00f3n\u201d y ratific\u00f3 que una modificaci\u00f3n como la que plantea el macrismo \u201ces imposible\u201d &nbsp; &nbsp; A menos de una semana de las primarias que definir\u00e1n qui\u00e9nes ser\u00e1n los candidatos para las generales de octubre, el acto contra \u201cla quita de derechos\u201d fue motorizado tras la propuesta de eliminar&#8230;<\/p>\n","protected":false},"author":3,"featured_media":105999,"comment_status":"closed","ping_status":"closed","sticky":false,"template":"","format":"standard","meta":[],"categories":[18],"tags":[],"_links":{"self":[{"href":"https:\/\/www.actualidadadiario.com\/index.php\/wp-json\/wp\/v2\/posts\/105998"}],"collection":[{"href":"https:\/\/www.actualidadadiario.com\/index.php\/wp-json\/wp\/v2\/posts"}],"about":[{"href":"https:\/\/www.actualidadadiario.com\/index.php\/wp-json\/wp\/v2\/types\/post"}],"author":[{"embeddable":true,"href":"https:\/\/www.actualidadadiario.com\/index.php\/wp-json\/wp\/v2\/users\/3"}],"replies":[{"embeddable":true,"href":"https:\/\/www.actualidadadiario.com\/index.php\/wp-json\/wp\/v2\/comments?post=105998"}],"version-history":[{"count":1,"href":"https:\/\/www.actualidadadiario.com\/index.php\/wp-json\/wp\/v2\/posts\/105998\/revisions"}],"predecessor-version":[{"id":106000,"href":"https:\/\/www.actualidadadiario.com\/index.php\/wp-json\/wp\/v2\/posts\/105998\/revisions\/106000"}],"wp:featuredmedia":[{"embeddable":true,"href":"https:\/\/www.actualidadadiario.com\/index.php\/wp-json\/wp\/v2\/media\/105999"}],"wp:attachment":[{"href":"https:\/\/www.actualidadadiario.com\/index.php\/wp-json\/wp\/v2\/media?parent=105998"}],"wp:term":[{"taxonomy":"category","embeddable":true,"href":"https:\/\/www.actualidadadiario.com\/index.php\/wp-json\/wp\/v2\/categories?post=105998"},{"taxonomy":"post_tag","embeddable":true,"href":"https:\/\/www.actualidadadiario.com\/index.php\/wp-json\/wp\/v2\/tags?post=105998"}],"curies":[{"name":"wp","href":"https:\/\/api.w.org\/{rel}","templated":true}]}}