{"id":105996,"date":"2023-08-07T13:21:35","date_gmt":"2023-08-07T16:21:35","guid":{"rendered":"https:\/\/www.actualidadadiario.com\/?p=105996"},"modified":"2023-08-07T13:41:22","modified_gmt":"2023-08-07T16:41:22","slug":"milei-prometio-en-el-financial-times-un-ajuste-mayor-al-que-pide-el-fmi","status":"publish","type":"post","link":"https:\/\/www.actualidadadiario.com\/index.php\/2023\/08\/07\/milei-prometio-en-el-financial-times-un-ajuste-mayor-al-que-pide-el-fmi\/","title":{"rendered":"Milei prometi\u00f3 en el Financial Times un ajuste mayor al que pide el FMI"},"content":{"rendered":"<p style=\"text-align: center;\"><em><strong>El diario brit\u00e1nico Financial Times public\u00f3 un perfil del precandidato de La Libertad Avanza Javier Milei, en el que se lo califica como &#8220;derechista radical&#8221;, se lo compara con Jair Bolsonaro y Donald Trump, y repasa las inconsistencias de sus propuestas econ\u00f3micas. Sin embargo, Milei se encarg\u00f3 de redoblar su apuesta y prometi\u00f3 que si llega a la Casa Rosada realizar\u00e1 un ajuste econ\u00f3mico m\u00e1s fuerte que el que est\u00e1 pidiendo el Fondo Monetario Internacional<\/strong><\/em><\/p>\n<p>&nbsp;<\/p>\n<p>&nbsp;<\/p>\n<p>&nbsp;<\/p>\n<p>Milei, en di\u00e1logo con el diario econ\u00f3mico brit\u00e1nico, adelant\u00f3 que si gana las elecciones presidenciales su plan econ\u00f3mico &#8220;exceder\u00e1 todas las metas&#8221; propuestas por el FMI para ajustar el gasto social, recortar subsidios y devaluar la moneda. El economista ultraliberal consider\u00f3 que esas medidas de ajuste &#8211;sin tener en cuenta los impactos sociales inmediatos&#8211; generar\u00e1n confianza en el mercado y har\u00e1n bajar el &#8220;riesgo pa\u00eds&#8221; y subir\u00e1n el precio de los bonos del gobierno para pagar al organismo internacional de cr\u00e9dito.<\/p>\n<p>&#8220;El FMI son solo un mont\u00f3n de bur\u00f3cratas que saben que el negocio de un banco es cobrar intereses&#8221;, sentenci\u00f3 Milei al diario brit\u00e1nico. En la nota, aunque lo describieron como admirador de Margaret Thatcher, el precandidato de La Libertad Avanza puso como modelo de pa\u00eds a Irlanda. &#8220;Ellos hicieron reformas y su PBI por habitante se ha m\u00e1s que sextuplicado en los \u00faltimos 30 a\u00f1os; me gustar\u00eda que la Argentina se parezca a Irlanda&#8221;, sostuvo.<\/p>\n<p>La mirada de Milei es cuestionada por los propios econom\u00edstas irlandeses, entre ellos, Patrick Honohan, exgobernador del Banco Central de Irlanda, que marcan que la pol\u00edtica de bajos impuestos a las empresas tecnol\u00f3gicas atrajo a la isla a gigantes como Fcebook y Google, lo que impacta en las cifras del PBI per c\u00e1pita, pero no se traduce en la realidad econ\u00f3mica del pa\u00eds.<\/p>\n<p>&nbsp;<\/p>\n<p><strong>Milei y la dolarizaci\u00f3n<\/strong><\/p>\n<p>La nota del Financial Times cita al economista Fernando Marull y al exdirector del \u00e1rea Hemisferio Occidental del FMI Alejandro Werner para indicar las preocupaciones e inconsistencias que tiene otros de los planes de Milei: dolarizar la econom\u00eda.<\/p>\n<p>El precandidato de ultraderecha sostuvo que cuenta con un men\u00fa de opciones para conseguir los d\u00f3lares necesarios para equiparar los pesos circulantes con el precio de mercado del d\u00f3lar. Entre esos planes, Milei mencion\u00f3 la creaci\u00f3n de un un fideicomiso en Estados Unidos, que tenga como respaldo activos nacionales como acciones de YPF.<\/p>\n<p>&nbsp;<\/p>\n<p><strong>El perfil de Milei en el Financial Times<\/strong><\/p>\n<p>La nota tambi\u00e9n repasa la personalidad de Milei respecto de su mal car\u00e1cter, para lo que citan comentarios de personas cercanas y un comentario de la propia periodista del art\u00edculo que se\u00f1ala c\u00f3mo levant\u00f3 la voz durante la entrevista. Repasa el nombre de sus cuatro perros, bautizados en homenaje a los economistas liberales Milton, Murray, Robert y Lucas.<\/p>\n<p>El art\u00edculo tambi\u00e9n recuerda las propuestas de Milei sobre libremercado en la compra de \u00f3rganos y beb\u00e9s, como tambi\u00e9n su negaci\u00f3n sobre el cambio clim\u00e1tico, y se\u00f1ala que esas posiciones generaron comparaciones de \u00e9l con expresidentes de Estados Unidos, Donald Trump, y de Brasil, Jair Bolsonaro.<\/p>\n<p>&#8220;Estamos de acuerdo en que el enemigo es el socialismo. Despu\u00e9s de eso, cada uno tiene sus propias particularidades&#8221;, respondi\u00f3 el precandidato de La Libertad Avanza sobre la comparaci\u00f3n con los ex presidentes de derecha. La nota se\u00f1ala que para la campa\u00f1a el &#8220;derechista radical&#8221; eligi\u00f3 enfocarse en la econom\u00eda y no en su mirada sobre las problem\u00e1ticas sociales.<\/p>\n","protected":false},"excerpt":{"rendered":"<p>El diario brit\u00e1nico Financial Times public\u00f3 un perfil del precandidato de La Libertad Avanza Javier Milei, en el que se lo califica como &#8220;derechista radical&#8221;, se lo compara con Jair Bolsonaro y Donald Trump, y repasa las inconsistencias de sus propuestas econ\u00f3micas. Sin embargo, Milei se encarg\u00f3 de redoblar su apuesta y prometi\u00f3 que si llega a la Casa Rosada realizar\u00e1 un ajuste econ\u00f3mico m\u00e1s fuerte que el que est\u00e1 pidiendo el Fondo Monetario Internacional &nbsp; &nbsp; &nbsp; Milei, en di\u00e1logo con el diario econ\u00f3mico brit\u00e1nico, adelant\u00f3 que si gana&#8230;<\/p>\n","protected":false},"author":3,"featured_media":103326,"comment_status":"closed","ping_status":"closed","sticky":false,"template":"","format":"standard","meta":[],"categories":[18],"tags":[],"_links":{"self":[{"href":"https:\/\/www.actualidadadiario.com\/index.php\/wp-json\/wp\/v2\/posts\/105996"}],"collection":[{"href":"https:\/\/www.actualidadadiario.com\/index.php\/wp-json\/wp\/v2\/posts"}],"about":[{"href":"https:\/\/www.actualidadadiario.com\/index.php\/wp-json\/wp\/v2\/types\/post"}],"author":[{"embeddable":true,"href":"https:\/\/www.actualidadadiario.com\/index.php\/wp-json\/wp\/v2\/users\/3"}],"replies":[{"embeddable":true,"href":"https:\/\/www.actualidadadiario.com\/index.php\/wp-json\/wp\/v2\/comments?post=105996"}],"version-history":[{"count":1,"href":"https:\/\/www.actualidadadiario.com\/index.php\/wp-json\/wp\/v2\/posts\/105996\/revisions"}],"predecessor-version":[{"id":105997,"href":"https:\/\/www.actualidadadiario.com\/index.php\/wp-json\/wp\/v2\/posts\/105996\/revisions\/105997"}],"wp:featuredmedia":[{"embeddable":true,"href":"https:\/\/www.actualidadadiario.com\/index.php\/wp-json\/wp\/v2\/media\/103326"}],"wp:attachment":[{"href":"https:\/\/www.actualidadadiario.com\/index.php\/wp-json\/wp\/v2\/media?parent=105996"}],"wp:term":[{"taxonomy":"category","embeddable":true,"href":"https:\/\/www.actualidadadiario.com\/index.php\/wp-json\/wp\/v2\/categories?post=105996"},{"taxonomy":"post_tag","embeddable":true,"href":"https:\/\/www.actualidadadiario.com\/index.php\/wp-json\/wp\/v2\/tags?post=105996"}],"curies":[{"name":"wp","href":"https:\/\/api.w.org\/{rel}","templated":true}]}}