{"id":105989,"date":"2023-08-07T13:24:17","date_gmt":"2023-08-07T16:24:17","guid":{"rendered":"https:\/\/www.actualidadadiario.com\/?p=105989"},"modified":"2023-08-07T13:24:17","modified_gmt":"2023-08-07T16:24:17","slug":"a-dias-de-las-paso-union-por-la-patria-y-juntos-por-el-cambio-buscan-votos-en-puntos-claves-del-pais","status":"publish","type":"post","link":"https:\/\/www.actualidadadiario.com\/index.php\/2023\/08\/07\/a-dias-de-las-paso-union-por-la-patria-y-juntos-por-el-cambio-buscan-votos-en-puntos-claves-del-pais\/","title":{"rendered":"A d\u00edas de las PASO, Uni\u00f3n por la Patria y Juntos por el Cambio buscan votos en puntos claves del pa\u00eds"},"content":{"rendered":"<p style=\"text-align: center;\"><em><strong>Con el ausentismo como principal preocupaci\u00f3n, los precandidatos presidenciales encaran la \u00faltima semana de campa\u00f1a con recorridas en C\u00f3rdoba, Santa Fe y Entre R\u00edos. C\u00f3mo ser\u00e1 el cierre antes de veda electoral para cada coalici\u00f3n<\/strong><\/em><\/p>\n<p>&nbsp;<\/p>\n<p>&nbsp;<\/p>\n<p>Faltan solo cuatro d\u00edas para el inicio de la veda electoral de cara a las Primarias Abiertas Simult\u00e1neas y Obligatorias (PASO) del pr\u00f3ximo 13 de agosto, las principales fuerzas Uni\u00f3n por la Patria, Juntos por el Cambio y La Libertad Avanza intensifican sus recorridas por el interior del pa\u00eds y realizar\u00e1n sus \u00faltimos actos en Buenos Aires.<\/p>\n<p>Desde el sector del precandidato a presidente de Uni\u00f3n por la Patria, Sergio Massa, todav\u00eda no confirman si habr\u00e1 un gran cierre el pr\u00f3ximo jueves pero s\u00ed ultiman detalles de una parada provincial y encuentros con la CTA, personalidades de la cultura. El otro precandidato del oficialismo, Juan Grabois, cerrar\u00e1 su campa\u00f1a a mitad de semana en la ciudad de Buenos Aires, al igual que el l\u00edder de La Libertad Avanza, Javier Milei; en tanto, los dos competidores de Juntos por el Cambio, eligieron la provincia de Buenos Aires.<\/p>\n<p>Ayer Massa alcanz\u00f3 un fuerte respaldo pol\u00edtico de la CGT y los movimientos sociales, gui\u00f1o importante dentro del peronismo y que dejar\u00eda un poco rezagado a su contrincante interno. Sin embargo, un tema que preocupa al ministro de Econom\u00eda -como al resto de los candidatos- es el ausentismo en las urnas.<\/p>\n<p>Y es que el desempe\u00f1o electoral que se registr\u00f3 en las \u00faltimas provincias que renovaron autoridades alert\u00f3 no s\u00f3lo al oficialismo que tiene como reciente la experiencia de 2021, sino tambi\u00e9n a todo el arco opositor que sali\u00f3 con campa\u00f1as dirigidas a pedir el presentismo para el pr\u00f3ximo domingo. Javier rMilei comparti\u00f3 un nuevo spot con un pedido. &#8220;Esta vez no te quedes en casa&#8221;, al tiempo que Patricia Bullrich hizo lo suyo pidiendo que el domingo 13 de agosto la acompa\u00f1en con su voto y se\u00f1al\u00f3: \u201cTengamos el coraje para cambiar de verdad\u201d.<\/p>\n<p>Mientras que desde UP impulsan la consigna \u201ccasa por casa, barrio por barrio\u201d y, tambi\u00e9n, este domingo lanzaron un spot en el Massa le dijo a los ciudadanos: \u201cQuiero aprovechar esta \u00faltima semana de campa\u00f1a para hablar con vos\u201d.<\/p>\n<p>Y es que esta semana el precandidato de UxP buscar\u00e1 no s\u00f3lo llegar al electorado indeciso sino alentar al kirchnerismo y a la militancia dura a que se decida por \u00e9l en las urnas, este lunes tendr\u00e1 un encuentro con PyMes, luego con la CTA y cerrar\u00e1 el d\u00eda con una presentaci\u00f3n junto a personalidades de la cultura en el Teatro Empire a las 19, as\u00ed, se mostrar\u00e1 con el apoyo de m\u00e1s de 800 intelectuales, artistas e integrantes del \u00e1mbito acad\u00e9mico junto a su compa\u00f1ero de f\u00f3rmula Agust\u00edn Rossi.<\/p>\n<p>El martes tendr\u00e1 un acto masivo que organiz\u00f3 la CGT en el DirecTV Arena de Tortuguitas y m\u00e1s tarde viajar\u00e1 a Santa Fe, una de las provincias donde el peronismo perdi\u00f3 las elecciones locales, all\u00ed hablar\u00e1 en Rosario sobre el plan de seguridad que implement\u00f3 en Tigre cuando era intendente.<\/p>\n<p>En tanto, Grabois realizar\u00e1 recorridas por el Conurbano bonaerense, donde tiene su mayor intenci\u00f3n de voto, y el mi\u00e9rcoles cerrar\u00e1 su campa\u00f1a a las 18 en el estadio Malvinas Argentinas, barrio porte\u00f1o de La Paternal.<\/p>\n<p>&nbsp;<\/p>\n<p><strong>Juntos por el Cambio <\/strong><\/p>\n<p>Los precandidatos a presidente de Juntos por el Cambio, Horacio Rodr\u00edguez Larreta y Patricia Bullrich estar\u00e1n esta semana de recorrida en provincias del centro del pa\u00eds y cerrar\u00e1n con actos en la provincia de Buenos Aires.<\/p>\n<p>Este fin de semana confirmaron que finalmente, tras la insistencia del l\u00edder Mauricio Macri,\u00a0 compartir\u00e1n b\u00fanker para esperar los resultados y mostrar unidad de cara a la primera vuelta. Este lunes, ambos candidatos acompa\u00f1ar\u00e1n al primo del ex presidente, Jorge Macri, que aspira la jefatura del gobierno porte\u00f1o, en una caminata que terminar\u00e1 en Belgrano.<\/p>\n<p>El martes, al igual que Massa, Bullrich estar\u00e1 en Santa Fe, mientras que Larreta visitar\u00e1 C\u00f3rdoba, donde tendr\u00e1 un cierre de campa\u00f1a y ser\u00e1 la \u00faltima presentaci\u00f3n de propuestas junto a los gobernadores de Juntos por el Cambio. A la tarde estar\u00e1 en el cierre de campa\u00f1a de su precandidato a gobernador de la provincia de Buenos Aires, Diego Santilli, que realizar\u00e1 una caravana de m\u00e1s de 15 horas y que comenzar\u00e1 en La Matanza y terminar\u00e1 en Avellaneda.<\/p>\n<p>El mi\u00e9rcoles Bullrich estar\u00e1 en C\u00f3rdoba mientras que Larreta apoyar\u00e1 a Rogelio Frigerio en Entre R\u00edos. La \u00faltima apuesta la har\u00e1n en la provincia de Buenos Aires. La ex ministra de Seguridad con un acto este jueves en Lan\u00fas junto a su precandidato a gobernador e intendente local en uso de licencia, N\u00e9stor Grindetti, y el Jefe de Gobierno porte\u00f1o en La Plata junto a Santilli.<\/p>\n<p>&nbsp;<\/p>\n<p>&nbsp;<\/p>\n<p><strong>La Libertad Avanza <\/strong><\/p>\n<p>El l\u00edder libertario Javier Milei viene de recorrer la Ciudad de Buenos Aires y Mendoza con su motorhome y en b\u00fasqueda de consolidar los apoyo de cara a las PASO. Confiado, ser\u00e1 el primero en realizar el cierre de campa\u00f1a este lunes a las 19 en el micro estadio Movistar Arena, en el barrio porte\u00f1o de Villa Crespo. Si bien se espera que el precandidato a Presidente est\u00e9 a cargo del cierre, tambi\u00e9n har\u00e1 uso de la palabra la precandidata a vicepresidenta, la negacionista Victoria Villarruel.<\/p>\n<p>A\u00fan resta confirmar d\u00f3nde esperar\u00e1 los resultados el libertario el pr\u00f3ximo domingo junto a Ramiro Marra, su candidato para la Ciudad de Buenos Aires y que tendr\u00e1 su propio cierre este jueves de manera virtual.<\/p>\n","protected":false},"excerpt":{"rendered":"<p>Con el ausentismo como principal preocupaci\u00f3n, los precandidatos presidenciales encaran la \u00faltima semana de campa\u00f1a con recorridas en C\u00f3rdoba, Santa Fe y Entre R\u00edos. C\u00f3mo ser\u00e1 el cierre antes de veda electoral para cada coalici\u00f3n &nbsp; &nbsp; Faltan solo cuatro d\u00edas para el inicio de la veda electoral de cara a las Primarias Abiertas Simult\u00e1neas y Obligatorias (PASO) del pr\u00f3ximo 13 de agosto, las principales fuerzas Uni\u00f3n por la Patria, Juntos por el Cambio y La Libertad Avanza intensifican sus recorridas por el interior del pa\u00eds y realizar\u00e1n sus \u00faltimos&#8230;<\/p>\n","protected":false},"author":3,"featured_media":105990,"comment_status":"closed","ping_status":"closed","sticky":false,"template":"","format":"standard","meta":[],"categories":[18],"tags":[],"_links":{"self":[{"href":"https:\/\/www.actualidadadiario.com\/index.php\/wp-json\/wp\/v2\/posts\/105989"}],"collection":[{"href":"https:\/\/www.actualidadadiario.com\/index.php\/wp-json\/wp\/v2\/posts"}],"about":[{"href":"https:\/\/www.actualidadadiario.com\/index.php\/wp-json\/wp\/v2\/types\/post"}],"author":[{"embeddable":true,"href":"https:\/\/www.actualidadadiario.com\/index.php\/wp-json\/wp\/v2\/users\/3"}],"replies":[{"embeddable":true,"href":"https:\/\/www.actualidadadiario.com\/index.php\/wp-json\/wp\/v2\/comments?post=105989"}],"version-history":[{"count":1,"href":"https:\/\/www.actualidadadiario.com\/index.php\/wp-json\/wp\/v2\/posts\/105989\/revisions"}],"predecessor-version":[{"id":105991,"href":"https:\/\/www.actualidadadiario.com\/index.php\/wp-json\/wp\/v2\/posts\/105989\/revisions\/105991"}],"wp:featuredmedia":[{"embeddable":true,"href":"https:\/\/www.actualidadadiario.com\/index.php\/wp-json\/wp\/v2\/media\/105990"}],"wp:attachment":[{"href":"https:\/\/www.actualidadadiario.com\/index.php\/wp-json\/wp\/v2\/media?parent=105989"}],"wp:term":[{"taxonomy":"category","embeddable":true,"href":"https:\/\/www.actualidadadiario.com\/index.php\/wp-json\/wp\/v2\/categories?post=105989"},{"taxonomy":"post_tag","embeddable":true,"href":"https:\/\/www.actualidadadiario.com\/index.php\/wp-json\/wp\/v2\/tags?post=105989"}],"curies":[{"name":"wp","href":"https:\/\/api.w.org\/{rel}","templated":true}]}}