{"id":105986,"date":"2023-08-07T13:23:28","date_gmt":"2023-08-07T16:23:28","guid":{"rendered":"https:\/\/www.actualidadadiario.com\/?p=105986"},"modified":"2023-08-07T13:23:28","modified_gmt":"2023-08-07T16:23:28","slug":"bullrich-dio-detalles-del-bunker-de-juntos-por-el-cambio-que-compartira-con-rodriguez-larreta","status":"publish","type":"post","link":"https:\/\/www.actualidadadiario.com\/index.php\/2023\/08\/07\/bullrich-dio-detalles-del-bunker-de-juntos-por-el-cambio-que-compartira-con-rodriguez-larreta\/","title":{"rendered":"Bullrich dio detalles del bunker de Juntos por el Cambio que compartir\u00e1 con Rodr\u00edguez Larreta"},"content":{"rendered":"<p style=\"text-align: center;\"><em><strong>Basado en el modelo americano, ambos precandidatos del espacio esperar\u00e1n juntos los resultados de la interna. &#8220;El que gana pone las condiciones&#8221;, revel\u00f3 la titular del PRO<\/strong><\/em><\/p>\n<p>&nbsp;<\/p>\n<p>&nbsp;<\/p>\n<p>La precandidata a presidenta del PRO Patricia Bullrich brind\u00f3 detalles del bunker de campa\u00f1a que compartir\u00e1 junto a su principal competidor en la interna del espacio Horacio Rodr\u00edguez Larreta el pr\u00f3ximo domingo. Basados en el modelo americano, ambos referentes de Juntos por el Cambio, con aspiraciones presidenciales, se mostrar\u00e1n juntos a la espera de los resultados de la PASO.<\/p>\n<p>&#8220;Hemos tomado un modelo americano. Los americanos, cuando hacen una convenci\u00f3n, el b\u00fanker lo hace el partido y los candidatos est\u00e1n analizando los resultados de c\u00f3mo va a ser esa convenci\u00f3n, y est\u00e1n dentro de un mismo b\u00fanker con sus equipos&#8221;, explic\u00f3 en una entrevista al canal de televisi\u00f3n LN+.<\/p>\n<p>En la misma l\u00ednea, revel\u00f3 que el que resulta triunfante &#8220;pone las condiciones de c\u00f3mo se va a hablar, cu\u00e1les son las condiciones&#8221;, y agreg\u00f3: &#8220;Nos pareci\u00f3 un modelo adecuado&#8221;.<\/p>\n<p>&#8220;Los partidos de la coalici\u00f3n toman la decisi\u00f3n de estar todos juntos, y quien gane va a tener las condiciones de decir c\u00f3mo va a ser el discurso, c\u00f3mo hablamos, qu\u00e9 hacemos. Pero nosotros somos todos parte, nos estamos jugando unas PASO&#8221;, indic\u00f3 la referente, y sum\u00f3: &#8220;Entonces, las PASO son una primaria, y este modelo nos pareci\u00f3 el m\u00e1s adecuado&#8221;.<\/p>\n<p>A\u00fan resta definir d\u00f3nde se ubicar\u00e1, aunque se baraja la posibilidad de que sea en alg\u00fan hotel c\u00e9ntrico e incluso Costa Salguero, pero la idea de Juntos por el Cambio es que los precandidatos y sus equipos compartan espacio y esperen en unidad los resultados de la interna.<\/p>\n<p>A su parte, Bullrich diagnostic\u00f3 que &#8220;la Argentina vive una situaci\u00f3n de una angustia social muy profunda, en esta situaci\u00f3n tan terminal se necesita un liderazgo con mucho car\u00e1cter y decisi\u00f3n&#8221;.<\/p>\n<p>Para la titular del PRO en uso de licencia el pa\u00eds &#8220;necesita un piloto de tormenta, alguien que sepa qu\u00e9 hacer, con qui\u00e9n dialogar, que quiera avanzar con qui\u00e9n tener un conflicto, es un momento bisagra y para eso hace falta un liderazgo que tenga la convicci\u00f3n de no dejarse amedrentar por el poder de siempre&#8221;.<\/p>\n<p>Durante la tarde de hoy protagonizar\u00e1 una foto de unidad junto a Rodr\u00edguez Larreta, en compa\u00f1\u00eda del expresidente Mauricio Macri; la diputada Mar\u00eda Eugenia Vidal; entre otros referentes de la principal coalici\u00f3n opositora en respaldo de la precandidatura de Jorge Macri en la Ciudad de Buenos Aires.<\/p>\n","protected":false},"excerpt":{"rendered":"<p>Basado en el modelo americano, ambos precandidatos del espacio esperar\u00e1n juntos los resultados de la interna. &#8220;El que gana pone las condiciones&#8221;, revel\u00f3 la titular del PRO &nbsp; &nbsp; La precandidata a presidenta del PRO Patricia Bullrich brind\u00f3 detalles del bunker de campa\u00f1a que compartir\u00e1 junto a su principal competidor en la interna del espacio Horacio Rodr\u00edguez Larreta el pr\u00f3ximo domingo. Basados en el modelo americano, ambos referentes de Juntos por el Cambio, con aspiraciones presidenciales, se mostrar\u00e1n juntos a la espera de los resultados de la PASO. &#8220;Hemos tomado&#8230;<\/p>\n","protected":false},"author":3,"featured_media":105987,"comment_status":"closed","ping_status":"closed","sticky":false,"template":"","format":"standard","meta":[],"categories":[18],"tags":[],"_links":{"self":[{"href":"https:\/\/www.actualidadadiario.com\/index.php\/wp-json\/wp\/v2\/posts\/105986"}],"collection":[{"href":"https:\/\/www.actualidadadiario.com\/index.php\/wp-json\/wp\/v2\/posts"}],"about":[{"href":"https:\/\/www.actualidadadiario.com\/index.php\/wp-json\/wp\/v2\/types\/post"}],"author":[{"embeddable":true,"href":"https:\/\/www.actualidadadiario.com\/index.php\/wp-json\/wp\/v2\/users\/3"}],"replies":[{"embeddable":true,"href":"https:\/\/www.actualidadadiario.com\/index.php\/wp-json\/wp\/v2\/comments?post=105986"}],"version-history":[{"count":1,"href":"https:\/\/www.actualidadadiario.com\/index.php\/wp-json\/wp\/v2\/posts\/105986\/revisions"}],"predecessor-version":[{"id":105988,"href":"https:\/\/www.actualidadadiario.com\/index.php\/wp-json\/wp\/v2\/posts\/105986\/revisions\/105988"}],"wp:featuredmedia":[{"embeddable":true,"href":"https:\/\/www.actualidadadiario.com\/index.php\/wp-json\/wp\/v2\/media\/105987"}],"wp:attachment":[{"href":"https:\/\/www.actualidadadiario.com\/index.php\/wp-json\/wp\/v2\/media?parent=105986"}],"wp:term":[{"taxonomy":"category","embeddable":true,"href":"https:\/\/www.actualidadadiario.com\/index.php\/wp-json\/wp\/v2\/categories?post=105986"},{"taxonomy":"post_tag","embeddable":true,"href":"https:\/\/www.actualidadadiario.com\/index.php\/wp-json\/wp\/v2\/tags?post=105986"}],"curies":[{"name":"wp","href":"https:\/\/api.w.org\/{rel}","templated":true}]}}