{"id":105969,"date":"2023-08-07T13:17:34","date_gmt":"2023-08-07T16:17:34","guid":{"rendered":"https:\/\/www.actualidadadiario.com\/?p=105969"},"modified":"2023-08-07T13:17:34","modified_gmt":"2023-08-07T16:17:34","slug":"el-empleo-industrial-volvio-a-crecer-en-mayo-y-lleva-casi-dos-anos-al-alza","status":"publish","type":"post","link":"https:\/\/www.actualidadadiario.com\/index.php\/2023\/08\/07\/el-empleo-industrial-volvio-a-crecer-en-mayo-y-lleva-casi-dos-anos-al-alza\/","title":{"rendered":"El empleo industrial volvi\u00f3 a crecer en mayo y lleva casi dos a\u00f1os al alza"},"content":{"rendered":"<p style=\"text-align: center;\"><em><strong>Pese al freno en la actividad fabril durante mayo, el empleo en la industria sigui\u00f3 en crecimiento, tanto en el sector p\u00fablico como el privado. De hecho, el empleo formal en mostr\u00f3 el nivel m\u00e1s alto desde al menos 11 a\u00f1os<\/strong><\/em><\/p>\n<p>&nbsp;<\/p>\n<p>&nbsp;<\/p>\n<p>&nbsp;<\/p>\n<p>El empleo en la industria volvi\u00f3 a crecer durante mayo, con un incremento de 0,2% contra abril. Esa suba se produjo incluso a pesar de la baja en la actividad del sector que se registr\u00f3 durante ese mes. De todas maneras, con el nuevo dato, el empleo fabril ya lleva acumulados 22 meses de crecimiento ininterrumpido y se ubica en su punto m\u00e1s alto en 5 a\u00f1os. En esta l\u00ednea, el empleo registrado en general exhibi\u00f3 el nivel m\u00e1s alto en al menos 11 a\u00f1os, con m\u00e1s de 13 millones de trabajos en los sectores p\u00fablicos y privados. As\u00ed, se hilvan\u00f3 en mayo un total de 29 meses con subas consecutivas en ese registro, superando por m\u00e1s de un mill\u00f3n de empleos los n\u00fameros de la prepandemia.<\/p>\n<p>En el quinto mes del a\u00f1o, el empleo privado formal en la industria creci\u00f3 un 0,2% desestacionalizado contra abril, seg\u00fan datos del Ministerio de Trabajo, sobre la base del SIPA. &#8220;As\u00ed contin\u00faa registrando tasas anuales de crecimiento que no se registraban desde 2011-2012&#8221;, celebr\u00f3 el Gobierno, que tambi\u00e9n destac\u00f3 que la industria &#8220;fue el tercer sector productivo que m\u00e1s explic\u00f3 el crecimiento del empleo privado formal total del mes de mayo&#8221;, solo por detr\u00e1s de comercio y construcci\u00f3n.<\/p>\n<p>De acuerdo al Ministerio de Trabajo, la industria super\u00f3 los 1.186.190 trabajadores formales: el nivel de empleo m\u00e1s alto en m\u00e1s de cinco a\u00f1os, desde febrero de 2018. Adem\u00e1s, a nivel interanual creci\u00f3 en mayo de 2023 un 3,2%, lo que implic\u00f3 m\u00e1s de 36.850 personas con trabajo fabril en un a\u00f1o. En tanto, comparado con diciembre de 2019, ya acumula m\u00e1s de 101.900 trabajadores formales m\u00e1s, un incremento de 9,4%.<\/p>\n<p>Este balance positivo ocurri\u00f3 aun cuando la actividad industrial cay\u00f3 con fuerza en mayo. Seg\u00fan el \u00cdndice de Producci\u00f3n Industrial (IPI) del Indec, el sector fabril cay\u00f3 un 1,5% contra abril. Si bien se trata de la segunda ca\u00edda en el a\u00f1o, el freno no alcanz\u00f3 para erosionar del todo los crecimientos de marzo y abril. La actividad industrial lleg\u00f3 cerr\u00f3 mayo un 2,4% por encima de diciembre del 2022, aun con dicha baja. Adem\u00e1s, en el an\u00e1lisis contra mayo del a\u00f1o pasado, la producci\u00f3n creci\u00f3 1,1%.<\/p>\n<p>&nbsp;<\/p>\n<p><strong>El incremento del empleo formal <\/strong><\/p>\n<p>La tendencia fue similar en el empleo formal en general, que mostr\u00f3 el nivel m\u00e1s alto desde inicio de la serie, en enero de 2012. As\u00ed, ascendi\u00f3 en mayo a 13.160.321 empleos, un aumento de 0,3% respecto a abril, lo que implic\u00f3 45.877 nuevos empleos y consolid\u00f3 29 meses de subas al hilo. Respecto a diciembre de 2019, se sumaron m\u00e1s de 1.067.000 personas al mercado de trabajo formal.<\/p>\n<p>M\u00e1s de un tercio fue explicado por el incremento en el empleo privado registrado. Ese sector anot\u00f3 un incremento de 0,3% respecto a abril, es decir, 18.000 empleos nuevos en un mes y alcanz\u00f3 a 6.341.517 asalariados formales privados. De esa manera, acumul\u00f3 34 meses consecutivos de creaci\u00f3n de nuevas fuentes de trabajo y present\u00f3 el nivel m\u00e1s alto desde al menos los \u00faltimos 14 a\u00f1os. Respecto a mayo de 2022, creci\u00f3 un 3,7% y sum\u00f3 351.630 empleos extra desde diciembre de 2019.<\/p>\n","protected":false},"excerpt":{"rendered":"<p>Pese al freno en la actividad fabril durante mayo, el empleo en la industria sigui\u00f3 en crecimiento, tanto en el sector p\u00fablico como el privado. De hecho, el empleo formal en mostr\u00f3 el nivel m\u00e1s alto desde al menos 11 a\u00f1os &nbsp; &nbsp; &nbsp; El empleo en la industria volvi\u00f3 a crecer durante mayo, con un incremento de 0,2% contra abril. Esa suba se produjo incluso a pesar de la baja en la actividad del sector que se registr\u00f3 durante ese mes. De todas maneras, con el nuevo dato, el&#8230;<\/p>\n","protected":false},"author":3,"featured_media":84624,"comment_status":"closed","ping_status":"closed","sticky":false,"template":"","format":"standard","meta":[],"categories":[2],"tags":[],"_links":{"self":[{"href":"https:\/\/www.actualidadadiario.com\/index.php\/wp-json\/wp\/v2\/posts\/105969"}],"collection":[{"href":"https:\/\/www.actualidadadiario.com\/index.php\/wp-json\/wp\/v2\/posts"}],"about":[{"href":"https:\/\/www.actualidadadiario.com\/index.php\/wp-json\/wp\/v2\/types\/post"}],"author":[{"embeddable":true,"href":"https:\/\/www.actualidadadiario.com\/index.php\/wp-json\/wp\/v2\/users\/3"}],"replies":[{"embeddable":true,"href":"https:\/\/www.actualidadadiario.com\/index.php\/wp-json\/wp\/v2\/comments?post=105969"}],"version-history":[{"count":1,"href":"https:\/\/www.actualidadadiario.com\/index.php\/wp-json\/wp\/v2\/posts\/105969\/revisions"}],"predecessor-version":[{"id":105970,"href":"https:\/\/www.actualidadadiario.com\/index.php\/wp-json\/wp\/v2\/posts\/105969\/revisions\/105970"}],"wp:featuredmedia":[{"embeddable":true,"href":"https:\/\/www.actualidadadiario.com\/index.php\/wp-json\/wp\/v2\/media\/84624"}],"wp:attachment":[{"href":"https:\/\/www.actualidadadiario.com\/index.php\/wp-json\/wp\/v2\/media?parent=105969"}],"wp:term":[{"taxonomy":"category","embeddable":true,"href":"https:\/\/www.actualidadadiario.com\/index.php\/wp-json\/wp\/v2\/categories?post=105969"},{"taxonomy":"post_tag","embeddable":true,"href":"https:\/\/www.actualidadadiario.com\/index.php\/wp-json\/wp\/v2\/tags?post=105969"}],"curies":[{"name":"wp","href":"https:\/\/api.w.org\/{rel}","templated":true}]}}