{"id":105967,"date":"2023-08-07T13:16:51","date_gmt":"2023-08-07T16:16:51","guid":{"rendered":"https:\/\/www.actualidadadiario.com\/?p=105967"},"modified":"2023-08-07T13:16:51","modified_gmt":"2023-08-07T16:16:51","slug":"elecciones-2023-habra-transporte-publico-gratis-en-todo-el-pais-2","status":"publish","type":"post","link":"https:\/\/www.actualidadadiario.com\/index.php\/2023\/08\/07\/elecciones-2023-habra-transporte-publico-gratis-en-todo-el-pais-2\/","title":{"rendered":"Elecciones 2023: habr\u00e1 transporte p\u00fablico gratis en todo el pa\u00eds"},"content":{"rendered":"<p style=\"text-align: center;\"><em><strong>La resoluci\u00f3n, que busca &#8220;facilitar a los ciudadanos la emisi\u00f3n del sufragio\u201d, ser\u00e1 establecida para el 13 de agosto y el 22 de octubre<\/strong><\/em><\/p>\n<p>&nbsp;<\/p>\n<p>&nbsp;<\/p>\n<p>El Gobierno nacional dispuso que los domingos en los que se celebrar\u00e1n las elecciones Primarias Abiertas Simult\u00e1neas y Obligatorias (PASO) y las elecciones generales, los trenes y colectivos de todo el pa\u00eds ser\u00e1n gratuitos. Esta semana ya se hab\u00eda oficializado la misma disposici\u00f3n en la provincia de Buenos Aires.<\/p>\n<p>La medida surge a partir de la decisi\u00f3n del ministro de Transporte, Diego Giuliano, con la resoluci\u00f3n 435\/2023 publicada hoy en el Bolet\u00edn Oficial, busca \u201cfacilitar a los ciudadanos la emisi\u00f3n del sufragio, procurando garantizar la mayor concurrencia a los actos eleccionarios\u201d.<\/p>\n<p>Asimismo, se prev\u00e9 que los servicios cuenten con una frecuencia de d\u00eda s\u00e1bado como m\u00ednimo.<\/p>\n<p>\u201cEl objetivo de esta medida es garantizar el derecho al voto de todas las personas. Ponemos a todo el sistema de transporte de jurisdicci\u00f3n nacional a disposici\u00f3n de los ciudadanos y ciudadanas para que puedan ir a las urnas el domingo e invitamos a todas las provincias y municipios a hacer lo mismo. Tenemos que simplificarle la vida a la gente en un momento en el que van a expresar su voluntad y queremos evitar que el transporte sea una traba&#8221;, destac\u00f3 Giuliano.<\/p>\n<p>El ministerio de Transporte de la Naci\u00f3n remarc\u00f3 la invitaci\u00f3n a las jurisdicciones a adherirse a la medida, a trav\u00e9s de la firma de un convenio, y as\u00ed recibir las compensaciones econ\u00f3micas correspondientes.<\/p>\n<p>La distribuci\u00f3n de las mismas se realizar\u00e1 sobre la base de datos estad\u00edsticos disponibles a partir del Sistema \u00danico de Boleto Electr\u00f3nico (SUBE) y en caso de que no hayan implementado a\u00fan el sistema SUBE, ser\u00e1 complementada con la informaci\u00f3n disponible para la distribuci\u00f3n del fondo previsto en el art\u00edculo 81 de la Ley de Presupuesto General de la Administraci\u00f3n Nacional.<\/p>\n<p>De esta manera, la resoluci\u00f3n impulsada desde el Ministerio de Transporte de la Naci\u00f3n tiene como objetivo facilitar el traslado de los ciudadanos y ciudadanas para que puedan ejercer su deber c\u00edvico y garantizar as\u00ed la mayor concurrencia a las elecciones.<\/p>\n<p>El primer art\u00edculo de la norma sostiene: &#8220;Establ\u00e9cese la prestaci\u00f3n de los servicios de transporte p\u00fablico automotor urbano y suburbano de pasajeros de Jurisdicci\u00f3n Nacional y los servicios p\u00fablicos de pasajeros ferroviario de Jurisdicci\u00f3n Nacional, Metropolitanos, Locales Extendidos, e Interurbanos Regionales, con car\u00e1cter gratuito y frecuencia de d\u00eda s\u00e1bado como m\u00ednimo, los d\u00edas 13 de agosto de 2023 y 22 de octubre de 2023, cuando se realizar\u00e1n las Elecciones Primarias, Abiertas, Simult\u00e1neas y Obligatorias para la elecci\u00f3n de candidatos y candidatas&#8221;, y &#8220;las elecciones generales&#8221;.<\/p>\n<p>Adem\u00e1s, la norma puntualiza que se ha &#8220;propuesto plantear la gratuidad del servicio de transporte p\u00fablico de pasajeros por automotor a efectos que las ciudadanas y los ciudadanos ejerzan su derecho al voto, aun cuando a su vez este acto es un deber c\u00edvico&#8221;.<\/p>\n<p>&nbsp;<\/p>\n<p><strong>Compensaci\u00f3n de servicios prestados<\/strong><\/p>\n<p>En tanto, el Ministerio de Transporte compensar\u00e1 por los servicios prestados esos d\u00edas a las jurisdicciones que adhieran a la medida &#8220;y se comprometan al refuerzo y prestaci\u00f3n de estos servicios con las frecuencias correspondientes como m\u00ednimo a d\u00edas s\u00e1bados y con gratuidad para sus usuarios&#8221;.<\/p>\n<p>La cartera asegur\u00f3 que las compensaciones se distribuir\u00e1n &#8220;hasta un m\u00e1ximo de $293.000.000 entre las empresas prestadoras de los servicios en el \u00e1mbito del \u00c1rea Metropolitana de Buenos Aires (AMBA), sobre la base de datos estad\u00edsticos disponibles a partir del Sistema \u00danico de Boleto Electr\u00f3nico (SUBE); hasta un m\u00e1ximo de $267.000.000 entre las empresas prestadoras de los servicios urbanos y suburbanos que no pertenezcan al \u00e1mbito del \u00c1rea Metropolitana de Buenos Aires&#8221;.<\/p>\n<p>Las jurisdicciones que adhieran deber\u00e1n rendir cuentas en el plazo de 10 d\u00edas posteriores a cada elecci\u00f3n y el Ministerio realizar\u00e1 las transferencias compensatorias en igual cantidad de d\u00edas despu\u00e9s de aprobada la rendici\u00f3n de cuentas. Adem\u00e1s, tienen tiempo hasta el 9 de agosto para remitir una nota, publicada en el anexo de la normativa.<\/p>\n","protected":false},"excerpt":{"rendered":"<p>La resoluci\u00f3n, que busca &#8220;facilitar a los ciudadanos la emisi\u00f3n del sufragio\u201d, ser\u00e1 establecida para el 13 de agosto y el 22 de octubre &nbsp; &nbsp; El Gobierno nacional dispuso que los domingos en los que se celebrar\u00e1n las elecciones Primarias Abiertas Simult\u00e1neas y Obligatorias (PASO) y las elecciones generales, los trenes y colectivos de todo el pa\u00eds ser\u00e1n gratuitos. Esta semana ya se hab\u00eda oficializado la misma disposici\u00f3n en la provincia de Buenos Aires. La medida surge a partir de la decisi\u00f3n del ministro de Transporte, Diego Giuliano, con&#8230;<\/p>\n","protected":false},"author":3,"featured_media":33122,"comment_status":"closed","ping_status":"closed","sticky":false,"template":"","format":"standard","meta":[],"categories":[2],"tags":[],"_links":{"self":[{"href":"https:\/\/www.actualidadadiario.com\/index.php\/wp-json\/wp\/v2\/posts\/105967"}],"collection":[{"href":"https:\/\/www.actualidadadiario.com\/index.php\/wp-json\/wp\/v2\/posts"}],"about":[{"href":"https:\/\/www.actualidadadiario.com\/index.php\/wp-json\/wp\/v2\/types\/post"}],"author":[{"embeddable":true,"href":"https:\/\/www.actualidadadiario.com\/index.php\/wp-json\/wp\/v2\/users\/3"}],"replies":[{"embeddable":true,"href":"https:\/\/www.actualidadadiario.com\/index.php\/wp-json\/wp\/v2\/comments?post=105967"}],"version-history":[{"count":1,"href":"https:\/\/www.actualidadadiario.com\/index.php\/wp-json\/wp\/v2\/posts\/105967\/revisions"}],"predecessor-version":[{"id":105968,"href":"https:\/\/www.actualidadadiario.com\/index.php\/wp-json\/wp\/v2\/posts\/105967\/revisions\/105968"}],"wp:featuredmedia":[{"embeddable":true,"href":"https:\/\/www.actualidadadiario.com\/index.php\/wp-json\/wp\/v2\/media\/33122"}],"wp:attachment":[{"href":"https:\/\/www.actualidadadiario.com\/index.php\/wp-json\/wp\/v2\/media?parent=105967"}],"wp:term":[{"taxonomy":"category","embeddable":true,"href":"https:\/\/www.actualidadadiario.com\/index.php\/wp-json\/wp\/v2\/categories?post=105967"},{"taxonomy":"post_tag","embeddable":true,"href":"https:\/\/www.actualidadadiario.com\/index.php\/wp-json\/wp\/v2\/tags?post=105967"}],"curies":[{"name":"wp","href":"https:\/\/api.w.org\/{rel}","templated":true}]}}